{"id":13541,"date":"2019-08-06T21:15:26","date_gmt":"2019-08-06T21:15:26","guid":{"rendered":"http:\/\/blogdorogeriogomes.com.br\/?p=13541"},"modified":"2019-08-06T21:15:26","modified_gmt":"2019-08-06T21:15:26","slug":"governadores-de-todo-o-pais-discutem-proposta-para-tributar-producao-de-exportacao","status":"publish","type":"post","link":"https:\/\/blogdorogeriogomes.com.br\/noticias\/2019\/08\/governadores-de-todo-o-pais-discutem-proposta-para-tributar-producao-de-exportacao\/","title":{"rendered":"Governadores de todo o Pa\u00eds discutem proposta para tributar produ\u00e7\u00e3o de exporta\u00e7\u00e3o"},"content":{"rendered":"<p><img loading=\"lazy\" decoding=\"async\" class=\"alignnone size-medium wp-image-13542\" src=\"http:\/\/blogdorogeriogomes.com.br\/wp-content\/uploads\/2019\/08\/IMG_20190806_180946_615-300x189.jpg\" alt=\"IMG_20190806_180946_615\" width=\"300\" height=\"189\" srcset=\"https:\/\/blogdorogeriogomes.com.br\/noticias\/wp-content\/uploads\/2019\/08\/IMG_20190806_180946_615-300x189.jpg 300w, https:\/\/blogdorogeriogomes.com.br\/noticias\/wp-content\/uploads\/2019\/08\/IMG_20190806_180946_615-768x483.jpg 768w, https:\/\/blogdorogeriogomes.com.br\/noticias\/wp-content\/uploads\/2019\/08\/IMG_20190806_180946_615.jpg 966w\" sizes=\"auto, (max-width: 300px) 100vw, 300px\" \/><\/p>\n<p>Governadores de todo o Pa\u00eds se reuniram nesta ter\u00e7a-feira, dia 6 de agosto, em Bras\u00edlia. Entre eles, o governador do Cear\u00e1, Camilo Santana. Estados discutem uma proposta para voltar a tributar toda a produ\u00e7\u00e3o feita em seu territ\u00f3rio, inclusive a de produtos destinados ao mercado externo.<br \/>\nNa pr\u00e1tica, isso representaria o fim da chamada Lei Kandir, aprovada em 1996, que desonerou do ICMS estadual as exporta\u00e7\u00f5es de mercadorias, inclusive produtos prim\u00e1rios, industrializados semi-elaborados e servi\u00e7os.<br \/>\nCamilo Santana estar\u00e1 nesta quarta-feira, dia 7, em Camocim, para a entrega da Pra\u00e7a Mais Inf\u00e2ncia. Na quinta-feira, dia 8, o governador estar\u00e1 em Acopiara onde implanta o Comando de Policiamento de Rondas e A\u00e7\u00f5es Intensivas e Ostensivas (CPRaio) no munic\u00edpio.<br \/>\nNa segunda-feira, dia 13, o governador d\u00e1 posse de 140 novos m\u00e9dicos que passaram por capacita\u00e7\u00e3o na Escola de Sa\u00fade P\u00fablica do Estado. Os profissionais integrar\u00e3o o programa M\u00e9dico da Fam\u00edlia na Capital, criado em parceria com a Prefeitura de Fortaleza.<\/p>\n","protected":false},"excerpt":{"rendered":"<p>Governadores de todo o Pa\u00eds se reuniram nesta ter\u00e7a-feira, dia 6 de agosto, em Bras\u00edlia. Entre eles, o governador do Cear\u00e1, Camilo Santana. Estados discutem uma proposta para voltar a tributar toda a produ\u00e7\u00e3o feita em seu territ\u00f3rio, inclusive a de produtos destinados ao mercado externo. Na pr\u00e1tica, isso representaria o fim da chamada Lei Kandir, aprovada em 1996, que desonerou do ICMS estadual as exporta\u00e7\u00f5es de mercadorias, inclusive produtos prim\u00e1rios, industrializados semi-elaborados e servi\u00e7os. Camilo Santana estar\u00e1 nesta&hellip;<\/p>\n","protected":false},"author":1,"featured_media":0,"comment_status":"open","ping_status":"open","sticky":false,"template":"","format":"standard","meta":{"footnotes":""},"categories":[1],"tags":[],"class_list":["post-13541","post","type-post","status-publish","format-standard","hentry","category-noticias"],"_links":{"self":[{"href":"https:\/\/blogdorogeriogomes.com.br\/noticias\/wp-json\/wp\/v2\/posts\/13541","targetHints":{"allow":["GET"]}}],"collection":[{"href":"https:\/\/blogdorogeriogomes.com.br\/noticias\/wp-json\/wp\/v2\/posts"}],"about":[{"href":"https:\/\/blogdorogeriogomes.com.br\/noticias\/wp-json\/wp\/v2\/types\/post"}],"author":[{"embeddable":true,"href":"https:\/\/blogdorogeriogomes.com.br\/noticias\/wp-json\/wp\/v2\/users\/1"}],"replies":[{"embeddable":true,"href":"https:\/\/blogdorogeriogomes.com.br\/noticias\/wp-json\/wp\/v2\/comments?post=13541"}],"version-history":[{"count":1,"href":"https:\/\/blogdorogeriogomes.com.br\/noticias\/wp-json\/wp\/v2\/posts\/13541\/revisions"}],"predecessor-version":[{"id":13543,"href":"https:\/\/blogdorogeriogomes.com.br\/noticias\/wp-json\/wp\/v2\/posts\/13541\/revisions\/13543"}],"wp:attachment":[{"href":"https:\/\/blogdorogeriogomes.com.br\/noticias\/wp-json\/wp\/v2\/media?parent=13541"}],"wp:term":[{"taxonomy":"category","embeddable":true,"href":"https:\/\/blogdorogeriogomes.com.br\/noticias\/wp-json\/wp\/v2\/categories?post=13541"},{"taxonomy":"post_tag","embeddable":true,"href":"https:\/\/blogdorogeriogomes.com.br\/noticias\/wp-json\/wp\/v2\/tags?post=13541"}],"curies":[{"name":"wp","href":"https:\/\/api.w.org\/{rel}","templated":true}]}}