{"id":13544,"date":"2019-08-07T09:42:46","date_gmt":"2019-08-07T09:42:46","guid":{"rendered":"http:\/\/blogdorogeriogomes.com.br\/?p=13544"},"modified":"2019-08-07T09:42:46","modified_gmt":"2019-08-07T09:42:46","slug":"camara-federal-aprova-reforma-da-previdencia-em-segundo-turno","status":"publish","type":"post","link":"https:\/\/blogdorogeriogomes.com.br\/noticias\/2019\/08\/camara-federal-aprova-reforma-da-previdencia-em-segundo-turno\/","title":{"rendered":"C\u00e2mara Federal aprova reforma da Previd\u00eancia em segundo turno"},"content":{"rendered":"<p><img loading=\"lazy\" decoding=\"async\" class=\"alignnone size-medium wp-image-13545\" src=\"http:\/\/blogdorogeriogomes.com.br\/wp-content\/uploads\/2019\/08\/IMG_20190807_063709_108-300x225.jpg\" alt=\"IMG_20190807_063709_108\" width=\"300\" height=\"225\" srcset=\"https:\/\/blogdorogeriogomes.com.br\/noticias\/wp-content\/uploads\/2019\/08\/IMG_20190807_063709_108-300x225.jpg 300w, https:\/\/blogdorogeriogomes.com.br\/noticias\/wp-content\/uploads\/2019\/08\/IMG_20190807_063709_108.jpg 450w\" sizes=\"auto, (max-width: 300px) 100vw, 300px\" \/><\/p>\n<p>No in\u00edcio da madrugada desta quarta-feira, dia 7 de agosto, a C\u00e2mara dos Deputados aprovou, em segundo turno, o texto principal da reforma da Previd\u00eancia. O placar foi de 370 votos a favor, 124 contra e 1 absten\u00e7\u00e3o. Eram necess\u00e1rios pelo menos 308 votos para aprovar o texto. O projeto ainda pode ser modificado porque falta aos deputados federais votarem os destaques ainda nesta quarta-feira.<br \/>\nNo in\u00edcio de julho, antes do recesso parlamentar, a proposta foi aprovada em primeiro turno com larga vantagem (379 votos a 131), mas sofreu algumas altera\u00e7\u00f5es importantes em rela\u00e7\u00e3o ao texto original sugerido pelo governo, que reduziram o valor a ser economizado em 10 anos de R$ 1,236 trilh\u00e3o para R$ 933 bilh\u00f5es, segundo a equipe econ\u00f4mica.<br \/>\nAgora, a proposta segue para o Senado. L\u00e1, passar\u00e1 pela Comiss\u00e3o de Constitui\u00e7\u00e3o e Justi\u00e7a. N\u00e3o h\u00e1 Comiss\u00e3o Especial para analisar o projeto. Na sequ\u00eancia, vai ao plen\u00e1rio do Senado, onde tamb\u00e9m precisa ser aprovado em dois turnos, com 49 votos em cada, ou 3\/5 dos senadores.<\/p>\n","protected":false},"excerpt":{"rendered":"<p>No in\u00edcio da madrugada desta quarta-feira, dia 7 de agosto, a C\u00e2mara dos Deputados aprovou, em segundo turno, o texto principal da reforma da Previd\u00eancia. O placar foi de 370 votos a favor, 124 contra e 1 absten\u00e7\u00e3o. Eram necess\u00e1rios pelo menos 308 votos para aprovar o texto. O projeto ainda pode ser modificado porque falta aos deputados federais votarem os destaques ainda nesta quarta-feira. No in\u00edcio de julho, antes do recesso parlamentar, a proposta foi aprovada em primeiro&hellip;<\/p>\n","protected":false},"author":1,"featured_media":0,"comment_status":"open","ping_status":"open","sticky":false,"template":"","format":"standard","meta":{"footnotes":""},"categories":[1],"tags":[],"class_list":["post-13544","post","type-post","status-publish","format-standard","hentry","category-noticias"],"_links":{"self":[{"href":"https:\/\/blogdorogeriogomes.com.br\/noticias\/wp-json\/wp\/v2\/posts\/13544","targetHints":{"allow":["GET"]}}],"collection":[{"href":"https:\/\/blogdorogeriogomes.com.br\/noticias\/wp-json\/wp\/v2\/posts"}],"about":[{"href":"https:\/\/blogdorogeriogomes.com.br\/noticias\/wp-json\/wp\/v2\/types\/post"}],"author":[{"embeddable":true,"href":"https:\/\/blogdorogeriogomes.com.br\/noticias\/wp-json\/wp\/v2\/users\/1"}],"replies":[{"embeddable":true,"href":"https:\/\/blogdorogeriogomes.com.br\/noticias\/wp-json\/wp\/v2\/comments?post=13544"}],"version-history":[{"count":1,"href":"https:\/\/blogdorogeriogomes.com.br\/noticias\/wp-json\/wp\/v2\/posts\/13544\/revisions"}],"predecessor-version":[{"id":13546,"href":"https:\/\/blogdorogeriogomes.com.br\/noticias\/wp-json\/wp\/v2\/posts\/13544\/revisions\/13546"}],"wp:attachment":[{"href":"https:\/\/blogdorogeriogomes.com.br\/noticias\/wp-json\/wp\/v2\/media?parent=13544"}],"wp:term":[{"taxonomy":"category","embeddable":true,"href":"https:\/\/blogdorogeriogomes.com.br\/noticias\/wp-json\/wp\/v2\/categories?post=13544"},{"taxonomy":"post_tag","embeddable":true,"href":"https:\/\/blogdorogeriogomes.com.br\/noticias\/wp-json\/wp\/v2\/tags?post=13544"}],"curies":[{"name":"wp","href":"https:\/\/api.w.org\/{rel}","templated":true}]}}