{"id":13547,"date":"2019-08-07T09:49:06","date_gmt":"2019-08-07T09:49:06","guid":{"rendered":"http:\/\/blogdorogeriogomes.com.br\/?p=13547"},"modified":"2019-08-07T09:49:06","modified_gmt":"2019-08-07T09:49:06","slug":"governo-do-ceara-divulga-no-dia-27-de-agosto-os-dois-mil-selecionados-para-receber-bolsa-universitaria","status":"publish","type":"post","link":"https:\/\/blogdorogeriogomes.com.br\/noticias\/2019\/08\/governo-do-ceara-divulga-no-dia-27-de-agosto-os-dois-mil-selecionados-para-receber-bolsa-universitaria\/","title":{"rendered":"Governo do Cear\u00e1 divulga no dia 27 de agosto os dois mil selecionados para receber bolsa universit\u00e1ria"},"content":{"rendered":"<p><img loading=\"lazy\" decoding=\"async\" class=\"alignnone size-medium wp-image-13548\" src=\"http:\/\/blogdorogeriogomes.com.br\/wp-content\/uploads\/2019\/08\/IMG_20190807_064547_723-300x225.jpg\" alt=\"IMG_20190807_064547_723\" width=\"300\" height=\"225\" srcset=\"https:\/\/blogdorogeriogomes.com.br\/noticias\/wp-content\/uploads\/2019\/08\/IMG_20190807_064547_723-300x225.jpg 300w, https:\/\/blogdorogeriogomes.com.br\/noticias\/wp-content\/uploads\/2019\/08\/IMG_20190807_064547_723.jpg 640w\" sizes=\"auto, (max-width: 300px) 100vw, 300px\" \/><\/p>\n<p>No pr\u00f3ximo dia 27 de agosto, o Governo do Cear\u00e1 vai anunciar a lista de selecionados para o Programa AvanCE \u2013 Bolsa Universit\u00e1ria. S\u00e3o dois mil alunos de escola p\u00fablica quw v\u00e3o ser escolhidos para receber bolsa de meio sal\u00e1rio m\u00ednimo como aux\u00edlio no in\u00edcio de curso no Ensino Superior, por meio de edital.<br \/>\nA sele\u00e7\u00e3o para o AvanCE de 2019 teve in\u00edcio no m\u00eas de mar\u00e7o deste ano, com investimento de R$ 12 milh\u00f5es. Os concorrentes devem ter ingressado em curso de gradua\u00e7\u00e3o em Institui\u00e7\u00e3o de Ensino Superior (IES), credenciada pelo Minist\u00e9rio da Educa\u00e7\u00e3o (MEC), no ano de 2018 ou 2019.<br \/>\nTamb\u00e9m foi exigido a cada candidato cursar, no m\u00ednimo, 12 cr\u00e9ditos de disciplinas do atual semestre letivo e ter frequ\u00eancia de, no m\u00ednimo, 75% em cada disciplina cursada.<br \/>\nO candidato precisa ter m\u00e9dia geral igual ou superior a 560 pontos no Exame Nacional do Ensino M\u00e9dio (ENEM), sendo v\u00e1lidas a edi\u00e7\u00e3o de 2017 ou 2018.<\/p>\n","protected":false},"excerpt":{"rendered":"<p>No pr\u00f3ximo dia 27 de agosto, o Governo do Cear\u00e1 vai anunciar a lista de selecionados para o Programa AvanCE \u2013 Bolsa Universit\u00e1ria. S\u00e3o dois mil alunos de escola p\u00fablica quw v\u00e3o ser escolhidos para receber bolsa de meio sal\u00e1rio m\u00ednimo como aux\u00edlio no in\u00edcio de curso no Ensino Superior, por meio de edital. A sele\u00e7\u00e3o para o AvanCE de 2019 teve in\u00edcio no m\u00eas de mar\u00e7o deste ano, com investimento de R$ 12 milh\u00f5es. Os concorrentes devem ter&hellip;<\/p>\n","protected":false},"author":1,"featured_media":0,"comment_status":"open","ping_status":"open","sticky":false,"template":"","format":"standard","meta":{"footnotes":""},"categories":[1],"tags":[],"class_list":["post-13547","post","type-post","status-publish","format-standard","hentry","category-noticias"],"_links":{"self":[{"href":"https:\/\/blogdorogeriogomes.com.br\/noticias\/wp-json\/wp\/v2\/posts\/13547","targetHints":{"allow":["GET"]}}],"collection":[{"href":"https:\/\/blogdorogeriogomes.com.br\/noticias\/wp-json\/wp\/v2\/posts"}],"about":[{"href":"https:\/\/blogdorogeriogomes.com.br\/noticias\/wp-json\/wp\/v2\/types\/post"}],"author":[{"embeddable":true,"href":"https:\/\/blogdorogeriogomes.com.br\/noticias\/wp-json\/wp\/v2\/users\/1"}],"replies":[{"embeddable":true,"href":"https:\/\/blogdorogeriogomes.com.br\/noticias\/wp-json\/wp\/v2\/comments?post=13547"}],"version-history":[{"count":1,"href":"https:\/\/blogdorogeriogomes.com.br\/noticias\/wp-json\/wp\/v2\/posts\/13547\/revisions"}],"predecessor-version":[{"id":13549,"href":"https:\/\/blogdorogeriogomes.com.br\/noticias\/wp-json\/wp\/v2\/posts\/13547\/revisions\/13549"}],"wp:attachment":[{"href":"https:\/\/blogdorogeriogomes.com.br\/noticias\/wp-json\/wp\/v2\/media?parent=13547"}],"wp:term":[{"taxonomy":"category","embeddable":true,"href":"https:\/\/blogdorogeriogomes.com.br\/noticias\/wp-json\/wp\/v2\/categories?post=13547"},{"taxonomy":"post_tag","embeddable":true,"href":"https:\/\/blogdorogeriogomes.com.br\/noticias\/wp-json\/wp\/v2\/tags?post=13547"}],"curies":[{"name":"wp","href":"https:\/\/api.w.org\/{rel}","templated":true}]}}