{"id":13553,"date":"2019-08-07T13:02:55","date_gmt":"2019-08-07T13:02:55","guid":{"rendered":"http:\/\/blogdorogeriogomes.com.br\/?p=13553"},"modified":"2019-08-07T13:02:55","modified_gmt":"2019-08-07T13:02:55","slug":"justica-determina-a-transferencia-do-ex-presidente-lula-de-curitiba-para-sao-paulo","status":"publish","type":"post","link":"https:\/\/blogdorogeriogomes.com.br\/noticias\/2019\/08\/justica-determina-a-transferencia-do-ex-presidente-lula-de-curitiba-para-sao-paulo\/","title":{"rendered":"Justi\u00e7a determina a transfer\u00eancia do ex-presidente Lula de Curitiba para S\u00e3o Paulo"},"content":{"rendered":"<p><img loading=\"lazy\" decoding=\"async\" class=\"alignnone size-medium wp-image-13554\" src=\"http:\/\/blogdorogeriogomes.com.br\/wp-content\/uploads\/2019\/08\/IMG_20190807_095928_850-300x200.jpg\" alt=\"IMG_20190807_095928_850\" width=\"300\" height=\"200\" srcset=\"https:\/\/blogdorogeriogomes.com.br\/noticias\/wp-content\/uploads\/2019\/08\/IMG_20190807_095928_850-300x200.jpg 300w, https:\/\/blogdorogeriogomes.com.br\/noticias\/wp-content\/uploads\/2019\/08\/IMG_20190807_095928_850.jpg 678w\" sizes=\"auto, (max-width: 300px) 100vw, 300px\" \/><\/p>\n<p>A Justi\u00e7a determinou a transfer\u00eancia do ex-presidente Lula de Curitiba para S\u00e3o Paulo. A decis\u00e3o foi assinada pela ju\u00edza substituta Carolina Lebbos, da 12\u00aa Vara Federal de Curitiba, na manh\u00e3 desta quarta-feira, dia 7 de agosto. Segundo a decis\u00e3o, a manuten\u00e7\u00e3o da pris\u00e3o de Lula em Curitiba gera preju\u00edzo ao interesse p\u00fablico, com o emprego de recursos humanos e financeiros destinados \u00e0 atividade policial na cust\u00f3dia do ex-presidente.<br \/>\nA ju\u00edza tamb\u00e9m levou em considera\u00e7\u00e3o o pedido da defesa que alega que, em S\u00e3o Paulo, Lula ficaria mais pr\u00f3ximo de seus familiares e amigos.<\/p>\n","protected":false},"excerpt":{"rendered":"<p>A Justi\u00e7a determinou a transfer\u00eancia do ex-presidente Lula de Curitiba para S\u00e3o Paulo. A decis\u00e3o foi assinada pela ju\u00edza substituta Carolina Lebbos, da 12\u00aa Vara Federal de Curitiba, na manh\u00e3 desta quarta-feira, dia 7 de agosto. Segundo a decis\u00e3o, a manuten\u00e7\u00e3o da pris\u00e3o de Lula em Curitiba gera preju\u00edzo ao interesse p\u00fablico, com o emprego de recursos humanos e financeiros destinados \u00e0 atividade policial na cust\u00f3dia do ex-presidente. A ju\u00edza tamb\u00e9m levou em considera\u00e7\u00e3o o pedido da defesa que&hellip;<\/p>\n","protected":false},"author":1,"featured_media":0,"comment_status":"open","ping_status":"open","sticky":false,"template":"","format":"standard","meta":{"footnotes":""},"categories":[1],"tags":[],"class_list":["post-13553","post","type-post","status-publish","format-standard","hentry","category-noticias"],"_links":{"self":[{"href":"https:\/\/blogdorogeriogomes.com.br\/noticias\/wp-json\/wp\/v2\/posts\/13553","targetHints":{"allow":["GET"]}}],"collection":[{"href":"https:\/\/blogdorogeriogomes.com.br\/noticias\/wp-json\/wp\/v2\/posts"}],"about":[{"href":"https:\/\/blogdorogeriogomes.com.br\/noticias\/wp-json\/wp\/v2\/types\/post"}],"author":[{"embeddable":true,"href":"https:\/\/blogdorogeriogomes.com.br\/noticias\/wp-json\/wp\/v2\/users\/1"}],"replies":[{"embeddable":true,"href":"https:\/\/blogdorogeriogomes.com.br\/noticias\/wp-json\/wp\/v2\/comments?post=13553"}],"version-history":[{"count":1,"href":"https:\/\/blogdorogeriogomes.com.br\/noticias\/wp-json\/wp\/v2\/posts\/13553\/revisions"}],"predecessor-version":[{"id":13555,"href":"https:\/\/blogdorogeriogomes.com.br\/noticias\/wp-json\/wp\/v2\/posts\/13553\/revisions\/13555"}],"wp:attachment":[{"href":"https:\/\/blogdorogeriogomes.com.br\/noticias\/wp-json\/wp\/v2\/media?parent=13553"}],"wp:term":[{"taxonomy":"category","embeddable":true,"href":"https:\/\/blogdorogeriogomes.com.br\/noticias\/wp-json\/wp\/v2\/categories?post=13553"},{"taxonomy":"post_tag","embeddable":true,"href":"https:\/\/blogdorogeriogomes.com.br\/noticias\/wp-json\/wp\/v2\/tags?post=13553"}],"curies":[{"name":"wp","href":"https:\/\/api.w.org\/{rel}","templated":true}]}}