{"id":13556,"date":"2019-08-07T21:11:49","date_gmt":"2019-08-07T21:11:49","guid":{"rendered":"http:\/\/blogdorogeriogomes.com.br\/?p=13556"},"modified":"2019-08-07T21:11:49","modified_gmt":"2019-08-07T21:11:49","slug":"stf-suspende-decisao-da-justica-do-parana-de-transferir-o-ex-presidente-lula-para-uma-cela-comum-em-sp","status":"publish","type":"post","link":"https:\/\/blogdorogeriogomes.com.br\/noticias\/2019\/08\/stf-suspende-decisao-da-justica-do-parana-de-transferir-o-ex-presidente-lula-para-uma-cela-comum-em-sp\/","title":{"rendered":"STF suspende decis\u00e3o da Justi\u00e7a do Paran\u00e1 de transferir o ex-presidente Lula para uma cela comum em SP"},"content":{"rendered":"<p>&nbsp;<\/p>\n<p><img loading=\"lazy\" decoding=\"async\" class=\"alignnone size-medium wp-image-13557\" src=\"http:\/\/blogdorogeriogomes.com.br\/wp-content\/uploads\/2019\/08\/IMG_20190807_180650_864-300x200.jpg\" alt=\"IMG_20190807_180650_864\" width=\"300\" height=\"200\" srcset=\"https:\/\/blogdorogeriogomes.com.br\/noticias\/wp-content\/uploads\/2019\/08\/IMG_20190807_180650_864-300x200.jpg 300w, https:\/\/blogdorogeriogomes.com.br\/noticias\/wp-content\/uploads\/2019\/08\/IMG_20190807_180650_864.jpg 678w\" sizes=\"auto, (max-width: 300px) 100vw, 300px\" \/><\/p>\n<p>A determina\u00e7\u00e3o da Justi\u00e7a Federal do Paran\u00e1 de transferir o ex-presidente Lula para a Penitenci\u00e1ria de Trememb\u00e9, no interior de S\u00e3o Paulo, foi desfeita por 10 votos a 1 pelos ministros do Supremo Tribunal Federal, em Bras\u00edlia. Lula continuar\u00e1 na Superintend\u00eancia da Pol\u00edcia Federal em Curitiba, onde est\u00e1 recolhido h\u00e1 cerca de 500 dias esperando um recurso de habeas corpus no STF.<br \/>\nO presidente do STF, Dias Toffoli, se reuniu com mais de 70 parlamentares de 12 partidos diferentes, que foram ao Supremo Tribunal Federal contestar a decis\u00e3o da ju\u00edza Carolina Lebbos de transferir Lula da Superintend\u00eancia da Pol\u00edcia Federal em Curitiba para S\u00e3o Paulo, a pedido da Pol\u00edcia Federal, que \u00e9 subordinada ao ex-juiz S\u00e9rgio Moro. A defesa do ex-presidente Lula entrou com pedido de liminar para suspender a decis\u00e3o da ju\u00edza.<br \/>\nA dire\u00e7\u00e3o do PT considerou a tentativa de transferir o ex-presidente para uma cela comum como uma forma de humilha\u00e7\u00e3o. A penitenci\u00e1ria de Trememb\u00e9 \u00e9 conhecida por abrigar presos por casos que se tornaram famosos. Entre esses condenados, est\u00e3o Suzane von Richthofen, Alexandre Nardoni, Elize Matsunaga e Lindemberg Alves, preso pelo assassinato de Elo\u00e1.<\/p>\n","protected":false},"excerpt":{"rendered":"<p>&nbsp; A determina\u00e7\u00e3o da Justi\u00e7a Federal do Paran\u00e1 de transferir o ex-presidente Lula para a Penitenci\u00e1ria de Trememb\u00e9, no interior de S\u00e3o Paulo, foi desfeita por 10 votos a 1 pelos ministros do Supremo Tribunal Federal, em Bras\u00edlia. Lula continuar\u00e1 na Superintend\u00eancia da Pol\u00edcia Federal em Curitiba, onde est\u00e1 recolhido h\u00e1 cerca de 500 dias esperando um recurso de habeas corpus no STF. O presidente do STF, Dias Toffoli, se reuniu com mais de 70 parlamentares de 12 partidos&hellip;<\/p>\n","protected":false},"author":1,"featured_media":0,"comment_status":"open","ping_status":"open","sticky":false,"template":"","format":"standard","meta":{"footnotes":""},"categories":[1],"tags":[],"class_list":["post-13556","post","type-post","status-publish","format-standard","hentry","category-noticias"],"_links":{"self":[{"href":"https:\/\/blogdorogeriogomes.com.br\/noticias\/wp-json\/wp\/v2\/posts\/13556","targetHints":{"allow":["GET"]}}],"collection":[{"href":"https:\/\/blogdorogeriogomes.com.br\/noticias\/wp-json\/wp\/v2\/posts"}],"about":[{"href":"https:\/\/blogdorogeriogomes.com.br\/noticias\/wp-json\/wp\/v2\/types\/post"}],"author":[{"embeddable":true,"href":"https:\/\/blogdorogeriogomes.com.br\/noticias\/wp-json\/wp\/v2\/users\/1"}],"replies":[{"embeddable":true,"href":"https:\/\/blogdorogeriogomes.com.br\/noticias\/wp-json\/wp\/v2\/comments?post=13556"}],"version-history":[{"count":1,"href":"https:\/\/blogdorogeriogomes.com.br\/noticias\/wp-json\/wp\/v2\/posts\/13556\/revisions"}],"predecessor-version":[{"id":13558,"href":"https:\/\/blogdorogeriogomes.com.br\/noticias\/wp-json\/wp\/v2\/posts\/13556\/revisions\/13558"}],"wp:attachment":[{"href":"https:\/\/blogdorogeriogomes.com.br\/noticias\/wp-json\/wp\/v2\/media?parent=13556"}],"wp:term":[{"taxonomy":"category","embeddable":true,"href":"https:\/\/blogdorogeriogomes.com.br\/noticias\/wp-json\/wp\/v2\/categories?post=13556"},{"taxonomy":"post_tag","embeddable":true,"href":"https:\/\/blogdorogeriogomes.com.br\/noticias\/wp-json\/wp\/v2\/tags?post=13556"}],"curies":[{"name":"wp","href":"https:\/\/api.w.org\/{rel}","templated":true}]}}