{"id":13559,"date":"2019-08-08T09:06:35","date_gmt":"2019-08-08T09:06:35","guid":{"rendered":"http:\/\/blogdorogeriogomes.com.br\/?p=13559"},"modified":"2019-08-08T09:06:35","modified_gmt":"2019-08-08T09:06:35","slug":"comeca-a-tramitacao-da-reforma-da-previdencia-no-senado-federal-nesta-quinta-feira","status":"publish","type":"post","link":"https:\/\/blogdorogeriogomes.com.br\/noticias\/2019\/08\/comeca-a-tramitacao-da-reforma-da-previdencia-no-senado-federal-nesta-quinta-feira\/","title":{"rendered":"Come\u00e7a a tramita\u00e7\u00e3o da reforma da Previd\u00eancia no Senado Federal nesta quinta-feira"},"content":{"rendered":"<p><img loading=\"lazy\" decoding=\"async\" class=\"alignnone size-medium wp-image-13560\" src=\"http:\/\/blogdorogeriogomes.com.br\/wp-content\/uploads\/2019\/08\/IMG_20190808_060243_281-300x175.jpg\" alt=\"IMG_20190808_060243_281\" width=\"300\" height=\"175\" srcset=\"https:\/\/blogdorogeriogomes.com.br\/noticias\/wp-content\/uploads\/2019\/08\/IMG_20190808_060243_281-300x175.jpg 300w, https:\/\/blogdorogeriogomes.com.br\/noticias\/wp-content\/uploads\/2019\/08\/IMG_20190808_060243_281.jpg 712w\" sizes=\"auto, (max-width: 300px) 100vw, 300px\" \/><br \/>\nAprovada em dois turnos na C\u00e2mara, a reforma da Previd\u00eancia j\u00e1 come\u00e7a a tramitar nesta quinta-feira, dia 8 de agosto, no Senado Federal, segundo o presidente do Senado, Davi Alcolumbre (DEM-AP). O Governo Federal quer concluir o processo at\u00e9 30 de setembro.<br \/>\nSe o Senado aprovar o texto da C\u00e2mara sem mudan\u00e7as, ele \u00e9 promulgado pelo Congresso e vira uma emenda \u00e0 Constitui\u00e7\u00e3o. Caso apenas uma parte seja aprovada pelo Senado, ela ser\u00e1 promulgada, e o que foi mudado volta para a C\u00e2mara para ser analisado.<\/p>\n<p>O Senado pode, ainda, aprovar um texto diferente. Se isso acontecer, ele volta para a C\u00e2mara. Assim que a reforma for promulgada, quase todas as mudan\u00e7as passam a valer, incluindo a idade m\u00ednima e o novo c\u00e1lculo do valor da aposentadoria.<br \/>\nAinda na quarta-feira, dia 7, a C\u00e2mara dos Deputados rejeitou os oito destaques apresentados por deputados federais e encerrou a vota\u00e7\u00e3o da reforma da Previd\u00eancia em segundo turno, com a aprova\u00e7\u00e3o do texto sem altera\u00e7\u00f5es.<\/p>\n","protected":false},"excerpt":{"rendered":"<p>Aprovada em dois turnos na C\u00e2mara, a reforma da Previd\u00eancia j\u00e1 come\u00e7a a tramitar nesta quinta-feira, dia 8 de agosto, no Senado Federal, segundo o presidente do Senado, Davi Alcolumbre (DEM-AP). O Governo Federal quer concluir o processo at\u00e9 30 de setembro. Se o Senado aprovar o texto da C\u00e2mara sem mudan\u00e7as, ele \u00e9 promulgado pelo Congresso e vira uma emenda \u00e0 Constitui\u00e7\u00e3o. Caso apenas uma parte seja aprovada pelo Senado, ela ser\u00e1 promulgada, e o que foi mudado&hellip;<\/p>\n","protected":false},"author":1,"featured_media":0,"comment_status":"open","ping_status":"open","sticky":false,"template":"","format":"standard","meta":{"footnotes":""},"categories":[1],"tags":[],"class_list":["post-13559","post","type-post","status-publish","format-standard","hentry","category-noticias"],"_links":{"self":[{"href":"https:\/\/blogdorogeriogomes.com.br\/noticias\/wp-json\/wp\/v2\/posts\/13559","targetHints":{"allow":["GET"]}}],"collection":[{"href":"https:\/\/blogdorogeriogomes.com.br\/noticias\/wp-json\/wp\/v2\/posts"}],"about":[{"href":"https:\/\/blogdorogeriogomes.com.br\/noticias\/wp-json\/wp\/v2\/types\/post"}],"author":[{"embeddable":true,"href":"https:\/\/blogdorogeriogomes.com.br\/noticias\/wp-json\/wp\/v2\/users\/1"}],"replies":[{"embeddable":true,"href":"https:\/\/blogdorogeriogomes.com.br\/noticias\/wp-json\/wp\/v2\/comments?post=13559"}],"version-history":[{"count":1,"href":"https:\/\/blogdorogeriogomes.com.br\/noticias\/wp-json\/wp\/v2\/posts\/13559\/revisions"}],"predecessor-version":[{"id":13561,"href":"https:\/\/blogdorogeriogomes.com.br\/noticias\/wp-json\/wp\/v2\/posts\/13559\/revisions\/13561"}],"wp:attachment":[{"href":"https:\/\/blogdorogeriogomes.com.br\/noticias\/wp-json\/wp\/v2\/media?parent=13559"}],"wp:term":[{"taxonomy":"category","embeddable":true,"href":"https:\/\/blogdorogeriogomes.com.br\/noticias\/wp-json\/wp\/v2\/categories?post=13559"},{"taxonomy":"post_tag","embeddable":true,"href":"https:\/\/blogdorogeriogomes.com.br\/noticias\/wp-json\/wp\/v2\/tags?post=13559"}],"curies":[{"name":"wp","href":"https:\/\/api.w.org\/{rel}","templated":true}]}}