{"id":13562,"date":"2019-08-08T09:17:59","date_gmt":"2019-08-08T09:17:59","guid":{"rendered":"http:\/\/blogdorogeriogomes.com.br\/?p=13562"},"modified":"2019-08-08T09:17:59","modified_gmt":"2019-08-08T09:17:59","slug":"interior-do-estado-vai-ganhar-tres-unidades-da-casa-da-mulher-cearense","status":"publish","type":"post","link":"https:\/\/blogdorogeriogomes.com.br\/noticias\/2019\/08\/interior-do-estado-vai-ganhar-tres-unidades-da-casa-da-mulher-cearense\/","title":{"rendered":"Interior do Estado vai ganhar tr\u00eas unidades da Casa da Mulher Cearense"},"content":{"rendered":"<p><img loading=\"lazy\" decoding=\"async\" class=\"alignnone size-medium wp-image-13563\" src=\"http:\/\/blogdorogeriogomes.com.br\/wp-content\/uploads\/2019\/08\/IMG_20190808_061404_432-300x218.jpg\" alt=\"IMG_20190808_061404_432\" width=\"300\" height=\"218\" srcset=\"https:\/\/blogdorogeriogomes.com.br\/noticias\/wp-content\/uploads\/2019\/08\/IMG_20190808_061404_432-300x218.jpg 300w, https:\/\/blogdorogeriogomes.com.br\/noticias\/wp-content\/uploads\/2019\/08\/IMG_20190808_061404_432.jpg 459w\" sizes=\"auto, (max-width: 300px) 100vw, 300px\" \/><\/p>\n<p>A Lei Maria da Penha completa, esta semana, 13 anos da sua cria\u00e7\u00e3o. Para comemorar a data, o Governo Estadual confirma a implanta\u00e7\u00e3o de novas tr\u00eas unidades da Casa da Mulher Cearense nos munic\u00edpios de Juazeiro do Norte, no Cariri, Sobral, na Regi\u00e3o Norte, e Quixad\u00e1, no Sert\u00e3o Central. A previs\u00e3o \u00e9 de que o equipamento no Cariri comece a ser constru\u00eddo ainda neste ano.<br \/>\nOs equipamentos a serem constru\u00eddos ter\u00e3o a mesma formata\u00e7\u00e3o da Casa da Mulher Brasileira, existente em Fortaleza, e vai dispor de estrutura para atua\u00e7\u00e3o de Delegacia da Mulher, Defensoria P\u00fablica, Minist\u00e9rio P\u00fablico e Juizado Especial, no mesmo ambiente.<\/p>\n","protected":false},"excerpt":{"rendered":"<p>A Lei Maria da Penha completa, esta semana, 13 anos da sua cria\u00e7\u00e3o. Para comemorar a data, o Governo Estadual confirma a implanta\u00e7\u00e3o de novas tr\u00eas unidades da Casa da Mulher Cearense nos munic\u00edpios de Juazeiro do Norte, no Cariri, Sobral, na Regi\u00e3o Norte, e Quixad\u00e1, no Sert\u00e3o Central. A previs\u00e3o \u00e9 de que o equipamento no Cariri comece a ser constru\u00eddo ainda neste ano. Os equipamentos a serem constru\u00eddos ter\u00e3o a mesma formata\u00e7\u00e3o da Casa da Mulher Brasileira,&hellip;<\/p>\n","protected":false},"author":1,"featured_media":0,"comment_status":"open","ping_status":"open","sticky":false,"template":"","format":"standard","meta":{"footnotes":""},"categories":[1],"tags":[],"class_list":["post-13562","post","type-post","status-publish","format-standard","hentry","category-noticias"],"_links":{"self":[{"href":"https:\/\/blogdorogeriogomes.com.br\/noticias\/wp-json\/wp\/v2\/posts\/13562","targetHints":{"allow":["GET"]}}],"collection":[{"href":"https:\/\/blogdorogeriogomes.com.br\/noticias\/wp-json\/wp\/v2\/posts"}],"about":[{"href":"https:\/\/blogdorogeriogomes.com.br\/noticias\/wp-json\/wp\/v2\/types\/post"}],"author":[{"embeddable":true,"href":"https:\/\/blogdorogeriogomes.com.br\/noticias\/wp-json\/wp\/v2\/users\/1"}],"replies":[{"embeddable":true,"href":"https:\/\/blogdorogeriogomes.com.br\/noticias\/wp-json\/wp\/v2\/comments?post=13562"}],"version-history":[{"count":1,"href":"https:\/\/blogdorogeriogomes.com.br\/noticias\/wp-json\/wp\/v2\/posts\/13562\/revisions"}],"predecessor-version":[{"id":13564,"href":"https:\/\/blogdorogeriogomes.com.br\/noticias\/wp-json\/wp\/v2\/posts\/13562\/revisions\/13564"}],"wp:attachment":[{"href":"https:\/\/blogdorogeriogomes.com.br\/noticias\/wp-json\/wp\/v2\/media?parent=13562"}],"wp:term":[{"taxonomy":"category","embeddable":true,"href":"https:\/\/blogdorogeriogomes.com.br\/noticias\/wp-json\/wp\/v2\/categories?post=13562"},{"taxonomy":"post_tag","embeddable":true,"href":"https:\/\/blogdorogeriogomes.com.br\/noticias\/wp-json\/wp\/v2\/tags?post=13562"}],"curies":[{"name":"wp","href":"https:\/\/api.w.org\/{rel}","templated":true}]}}