{"id":13568,"date":"2019-08-08T21:02:14","date_gmt":"2019-08-08T21:02:14","guid":{"rendered":"http:\/\/blogdorogeriogomes.com.br\/?p=13568"},"modified":"2019-08-08T21:02:14","modified_gmt":"2019-08-08T21:02:14","slug":"primeira-turma-do-programa-medico-fortaleza-sera-empossada-no-dia-12-de-agosto","status":"publish","type":"post","link":"https:\/\/blogdorogeriogomes.com.br\/noticias\/2019\/08\/primeira-turma-do-programa-medico-fortaleza-sera-empossada-no-dia-12-de-agosto\/","title":{"rendered":"Primeira turma do Programa M\u00e9dico Fortaleza ser\u00e1 empossada no dia 12 de agosto"},"content":{"rendered":"<p><img loading=\"lazy\" decoding=\"async\" class=\"alignnone size-medium wp-image-13569\" src=\"http:\/\/blogdorogeriogomes.com.br\/wp-content\/uploads\/2019\/08\/IMG_20190808_175736_826-300x235.jpg\" alt=\"IMG_20190808_175736_826\" width=\"300\" height=\"235\" srcset=\"https:\/\/blogdorogeriogomes.com.br\/noticias\/wp-content\/uploads\/2019\/08\/IMG_20190808_175736_826-300x235.jpg 300w, https:\/\/blogdorogeriogomes.com.br\/noticias\/wp-content\/uploads\/2019\/08\/IMG_20190808_175736_826-768x601.jpg 768w, https:\/\/blogdorogeriogomes.com.br\/noticias\/wp-content\/uploads\/2019\/08\/IMG_20190808_175736_826-1024x801.jpg 1024w, https:\/\/blogdorogeriogomes.com.br\/noticias\/wp-content\/uploads\/2019\/08\/IMG_20190808_175736_826.jpg 1225w\" sizes=\"auto, (max-width: 300px) 100vw, 300px\" \/><\/p>\n<p>O governador do Cear\u00e1, Camilo Santana, e o prefeito de Fortaleza, Roberto Cl\u00e1udio, empossam profissionais m\u00e9dicos selecionados para a primeira turma do Programa M\u00e9dico Fortaleza, na pr\u00f3xima segunda-feira, dia 12 de agosto, na Escola de Sa\u00fade P\u00fablica do Cear\u00e1. O programa est\u00e1 estruturado com formato de p\u00f3s-gradua\u00e7\u00e3o em que a Prefeitura de Fortaleza realiza em parceria com o Governo do Estado, por meio da Escola de Sa\u00fade P\u00fablica.<br \/>\nO programa surgiu como parte de uma pol\u00edtica de fortalecimento da aten\u00e7\u00e3o prim\u00e1ria, possibilitando o complemento de equipes de Estrat\u00e9gia da Sa\u00fade da Fam\u00edlia e fomentando o interesse de m\u00e9dicos para o trabalho nos Postos de Sa\u00fade.<br \/>\nA forma\u00e7\u00e3o ter\u00e1 dura\u00e7\u00e3o de um ano, com pagamento de uma bolsa mensal no valor de R$ 11.865,00, custeada pelo Tesouro Municipal de Fortaleza. Durante o curso de P\u00f3s-Gradua\u00e7\u00e3o latu sensu em Aten\u00e7\u00e3o Prim\u00e1ria \u00e0 Sa\u00fade, os m\u00e9dicos participar\u00e3o de atividades de ensino e pr\u00e1ticas de treinamento em servi\u00e7o.<\/p>\n","protected":false},"excerpt":{"rendered":"<p>O governador do Cear\u00e1, Camilo Santana, e o prefeito de Fortaleza, Roberto Cl\u00e1udio, empossam profissionais m\u00e9dicos selecionados para a primeira turma do Programa M\u00e9dico Fortaleza, na pr\u00f3xima segunda-feira, dia 12 de agosto, na Escola de Sa\u00fade P\u00fablica do Cear\u00e1. O programa est\u00e1 estruturado com formato de p\u00f3s-gradua\u00e7\u00e3o em que a Prefeitura de Fortaleza realiza em parceria com o Governo do Estado, por meio da Escola de Sa\u00fade P\u00fablica. O programa surgiu como parte de uma pol\u00edtica de fortalecimento da&hellip;<\/p>\n","protected":false},"author":1,"featured_media":0,"comment_status":"open","ping_status":"open","sticky":false,"template":"","format":"standard","meta":{"footnotes":""},"categories":[1],"tags":[],"class_list":["post-13568","post","type-post","status-publish","format-standard","hentry","category-noticias"],"_links":{"self":[{"href":"https:\/\/blogdorogeriogomes.com.br\/noticias\/wp-json\/wp\/v2\/posts\/13568","targetHints":{"allow":["GET"]}}],"collection":[{"href":"https:\/\/blogdorogeriogomes.com.br\/noticias\/wp-json\/wp\/v2\/posts"}],"about":[{"href":"https:\/\/blogdorogeriogomes.com.br\/noticias\/wp-json\/wp\/v2\/types\/post"}],"author":[{"embeddable":true,"href":"https:\/\/blogdorogeriogomes.com.br\/noticias\/wp-json\/wp\/v2\/users\/1"}],"replies":[{"embeddable":true,"href":"https:\/\/blogdorogeriogomes.com.br\/noticias\/wp-json\/wp\/v2\/comments?post=13568"}],"version-history":[{"count":1,"href":"https:\/\/blogdorogeriogomes.com.br\/noticias\/wp-json\/wp\/v2\/posts\/13568\/revisions"}],"predecessor-version":[{"id":13570,"href":"https:\/\/blogdorogeriogomes.com.br\/noticias\/wp-json\/wp\/v2\/posts\/13568\/revisions\/13570"}],"wp:attachment":[{"href":"https:\/\/blogdorogeriogomes.com.br\/noticias\/wp-json\/wp\/v2\/media?parent=13568"}],"wp:term":[{"taxonomy":"category","embeddable":true,"href":"https:\/\/blogdorogeriogomes.com.br\/noticias\/wp-json\/wp\/v2\/categories?post=13568"},{"taxonomy":"post_tag","embeddable":true,"href":"https:\/\/blogdorogeriogomes.com.br\/noticias\/wp-json\/wp\/v2\/tags?post=13568"}],"curies":[{"name":"wp","href":"https:\/\/api.w.org\/{rel}","templated":true}]}}