{"id":13571,"date":"2019-08-08T21:12:46","date_gmt":"2019-08-08T21:12:46","guid":{"rendered":"http:\/\/blogdorogeriogomes.com.br\/?p=13571"},"modified":"2019-08-08T21:12:46","modified_gmt":"2019-08-08T21:12:46","slug":"pindoretama-realiza-feira-de-agronegocios-e-cavalgada-da-paz","status":"publish","type":"post","link":"https:\/\/blogdorogeriogomes.com.br\/noticias\/2019\/08\/pindoretama-realiza-feira-de-agronegocios-e-cavalgada-da-paz\/","title":{"rendered":"Pindoretama realiza Feira de Agroneg\u00f3cios e Cavalgada da Paz"},"content":{"rendered":"<p><img loading=\"lazy\" decoding=\"async\" class=\"alignnone size-medium wp-image-13572\" src=\"http:\/\/blogdorogeriogomes.com.br\/wp-content\/uploads\/2019\/08\/2507_3cd3_1036_a355-300x226.jpg\" alt=\"2507_3cd3_1036_a355\" width=\"300\" height=\"226\" srcset=\"https:\/\/blogdorogeriogomes.com.br\/noticias\/wp-content\/uploads\/2019\/08\/2507_3cd3_1036_a355-300x226.jpg 300w, https:\/\/blogdorogeriogomes.com.br\/noticias\/wp-content\/uploads\/2019\/08\/2507_3cd3_1036_a355.jpg 472w\" sizes=\"auto, (max-width: 300px) 100vw, 300px\" \/><\/p>\n<p>O Munic\u00edpio de Pindoretama, na Regi\u00e3o Metropolitana de Fortaleza, vai promover no per\u00edodo de 15 a 17 de agosto, a sua 3\u00aa Feira de Agroneg\u00f3cios. A feira far\u00e1 parte da programa\u00e7\u00e3o da 20\u00aa edi\u00e7\u00e3o da tradicional Cavalgada da Paz, evento que a cada ano re\u00fane um n\u00famero maior de participantes e que vai acontecer no s\u00e1bado,\u00a0 dia 17.<br \/>\nA ideia de reunir a cavalgada e a Feira de Agroneg\u00f3cios surgiu com a finalidade de aproveitar o potencial que o munic\u00edpio de Pindoretama tem para atrair diversos criadores de cavalos, e a partir da\u00ed, promover um importante espa\u00e7o destinado a realiza\u00e7\u00e3o de bons neg\u00f3cios.<\/p>\n<p>Na programa\u00e7\u00e3o est\u00e3o previstas: missa, apresenta\u00e7\u00e3o de shows art\u00edsticos, espa\u00e7os para a gastronomia e o artesanato locais, ciclo de palestras e a escolha da Garota Cavalgada 2019.<\/p>\n","protected":false},"excerpt":{"rendered":"<p>O Munic\u00edpio de Pindoretama, na Regi\u00e3o Metropolitana de Fortaleza, vai promover no per\u00edodo de 15 a 17 de agosto, a sua 3\u00aa Feira de Agroneg\u00f3cios. A feira far\u00e1 parte da programa\u00e7\u00e3o da 20\u00aa edi\u00e7\u00e3o da tradicional Cavalgada da Paz, evento que a cada ano re\u00fane um n\u00famero maior de participantes e que vai acontecer no s\u00e1bado,\u00a0 dia 17. A ideia de reunir a cavalgada e a Feira de Agroneg\u00f3cios surgiu com a finalidade de aproveitar o potencial que o&hellip;<\/p>\n","protected":false},"author":1,"featured_media":0,"comment_status":"open","ping_status":"open","sticky":false,"template":"","format":"standard","meta":{"footnotes":""},"categories":[1],"tags":[],"class_list":["post-13571","post","type-post","status-publish","format-standard","hentry","category-noticias"],"_links":{"self":[{"href":"https:\/\/blogdorogeriogomes.com.br\/noticias\/wp-json\/wp\/v2\/posts\/13571","targetHints":{"allow":["GET"]}}],"collection":[{"href":"https:\/\/blogdorogeriogomes.com.br\/noticias\/wp-json\/wp\/v2\/posts"}],"about":[{"href":"https:\/\/blogdorogeriogomes.com.br\/noticias\/wp-json\/wp\/v2\/types\/post"}],"author":[{"embeddable":true,"href":"https:\/\/blogdorogeriogomes.com.br\/noticias\/wp-json\/wp\/v2\/users\/1"}],"replies":[{"embeddable":true,"href":"https:\/\/blogdorogeriogomes.com.br\/noticias\/wp-json\/wp\/v2\/comments?post=13571"}],"version-history":[{"count":1,"href":"https:\/\/blogdorogeriogomes.com.br\/noticias\/wp-json\/wp\/v2\/posts\/13571\/revisions"}],"predecessor-version":[{"id":13573,"href":"https:\/\/blogdorogeriogomes.com.br\/noticias\/wp-json\/wp\/v2\/posts\/13571\/revisions\/13573"}],"wp:attachment":[{"href":"https:\/\/blogdorogeriogomes.com.br\/noticias\/wp-json\/wp\/v2\/media?parent=13571"}],"wp:term":[{"taxonomy":"category","embeddable":true,"href":"https:\/\/blogdorogeriogomes.com.br\/noticias\/wp-json\/wp\/v2\/categories?post=13571"},{"taxonomy":"post_tag","embeddable":true,"href":"https:\/\/blogdorogeriogomes.com.br\/noticias\/wp-json\/wp\/v2\/tags?post=13571"}],"curies":[{"name":"wp","href":"https:\/\/api.w.org\/{rel}","templated":true}]}}