{"id":13575,"date":"2019-08-09T08:18:08","date_gmt":"2019-08-09T08:18:08","guid":{"rendered":"http:\/\/blogdorogeriogomes.com.br\/?p=13575"},"modified":"2019-08-09T08:18:08","modified_gmt":"2019-08-09T08:18:08","slug":"rodrigo-maia-alerta-que-projetos-radicais-de-bolsonaro-nao-serao-aprovados-na-camara","status":"publish","type":"post","link":"https:\/\/blogdorogeriogomes.com.br\/noticias\/2019\/08\/rodrigo-maia-alerta-que-projetos-radicais-de-bolsonaro-nao-serao-aprovados-na-camara\/","title":{"rendered":"Rodrigo Maia alerta que projetos &#8220;radicais&#8221; de Bolsonaro n\u00e3o ser\u00e3o aprovados na C\u00e2mara"},"content":{"rendered":"<p><img loading=\"lazy\" decoding=\"async\" class=\"alignnone size-medium wp-image-13576\" src=\"http:\/\/blogdorogeriogomes.com.br\/wp-content\/uploads\/2019\/08\/IMG_20190809_051220_306-300x216.jpg\" alt=\"IMG_20190809_051220_306\" width=\"300\" height=\"216\" srcset=\"https:\/\/blogdorogeriogomes.com.br\/noticias\/wp-content\/uploads\/2019\/08\/IMG_20190809_051220_306-300x216.jpg 300w, https:\/\/blogdorogeriogomes.com.br\/noticias\/wp-content\/uploads\/2019\/08\/IMG_20190809_051220_306.jpg 579w\" sizes=\"auto, (max-width: 300px) 100vw, 300px\" \/><\/p>\n<p>Questionado sobre a pauta de projetos enviados pelo Pal\u00e1cio do Planalto para an\u00e1lise neste segundo semestre, o presidente da C\u00e2mara dos Deputados, Rodrigo Maia, afirmou que alguns projetos anunciados pelo presidente Jair Bolsonaro n\u00e3o devem ser aprovados pela Casa, entre eles, o fim da multa para quem n\u00e3o usar a cadeirinha para crian\u00e7as nos carros.<br \/>\nEntre os temas que ter\u00e3o tramita\u00e7\u00e3o mais complicada, ele citou a libera\u00e7\u00e3o do porte de armas, em que a &#8220;pol\u00eamica na C\u00e2mara \u00e9 um pouco maior&#8221;, al\u00e9m de mudan\u00e7as espec\u00edficas no c\u00f3digo de tr\u00e2nsito.<br \/>\n&#8220;Tirar exame de droga, n\u00e3o d\u00e1, isso vai perder. Quest\u00e3o da cadeirinha, vai perder&#8221;, afirmou. Rodrigo Maia criticou o &#8220;radicalismo&#8221; no discurso do presidente a respeito de certos temas, e novamente disse que o governo n\u00e3o formou uma base no Congresso.<\/p>\n","protected":false},"excerpt":{"rendered":"<p>Questionado sobre a pauta de projetos enviados pelo Pal\u00e1cio do Planalto para an\u00e1lise neste segundo semestre, o presidente da C\u00e2mara dos Deputados, Rodrigo Maia, afirmou que alguns projetos anunciados pelo presidente Jair Bolsonaro n\u00e3o devem ser aprovados pela Casa, entre eles, o fim da multa para quem n\u00e3o usar a cadeirinha para crian\u00e7as nos carros. Entre os temas que ter\u00e3o tramita\u00e7\u00e3o mais complicada, ele citou a libera\u00e7\u00e3o do porte de armas, em que a &#8220;pol\u00eamica na C\u00e2mara \u00e9 um&hellip;<\/p>\n","protected":false},"author":1,"featured_media":0,"comment_status":"open","ping_status":"open","sticky":false,"template":"","format":"standard","meta":{"footnotes":""},"categories":[1],"tags":[],"class_list":["post-13575","post","type-post","status-publish","format-standard","hentry","category-noticias"],"_links":{"self":[{"href":"https:\/\/blogdorogeriogomes.com.br\/noticias\/wp-json\/wp\/v2\/posts\/13575","targetHints":{"allow":["GET"]}}],"collection":[{"href":"https:\/\/blogdorogeriogomes.com.br\/noticias\/wp-json\/wp\/v2\/posts"}],"about":[{"href":"https:\/\/blogdorogeriogomes.com.br\/noticias\/wp-json\/wp\/v2\/types\/post"}],"author":[{"embeddable":true,"href":"https:\/\/blogdorogeriogomes.com.br\/noticias\/wp-json\/wp\/v2\/users\/1"}],"replies":[{"embeddable":true,"href":"https:\/\/blogdorogeriogomes.com.br\/noticias\/wp-json\/wp\/v2\/comments?post=13575"}],"version-history":[{"count":1,"href":"https:\/\/blogdorogeriogomes.com.br\/noticias\/wp-json\/wp\/v2\/posts\/13575\/revisions"}],"predecessor-version":[{"id":13577,"href":"https:\/\/blogdorogeriogomes.com.br\/noticias\/wp-json\/wp\/v2\/posts\/13575\/revisions\/13577"}],"wp:attachment":[{"href":"https:\/\/blogdorogeriogomes.com.br\/noticias\/wp-json\/wp\/v2\/media?parent=13575"}],"wp:term":[{"taxonomy":"category","embeddable":true,"href":"https:\/\/blogdorogeriogomes.com.br\/noticias\/wp-json\/wp\/v2\/categories?post=13575"},{"taxonomy":"post_tag","embeddable":true,"href":"https:\/\/blogdorogeriogomes.com.br\/noticias\/wp-json\/wp\/v2\/tags?post=13575"}],"curies":[{"name":"wp","href":"https:\/\/api.w.org\/{rel}","templated":true}]}}