{"id":13581,"date":"2019-08-09T20:56:18","date_gmt":"2019-08-09T20:56:18","guid":{"rendered":"http:\/\/blogdorogeriogomes.com.br\/?p=13581"},"modified":"2019-08-09T20:56:18","modified_gmt":"2019-08-09T20:56:18","slug":"parlanordeste-discute-em-aracaju-impacto-da-reforma-da-previdencia-na-regiao-nordeste","status":"publish","type":"post","link":"https:\/\/blogdorogeriogomes.com.br\/noticias\/2019\/08\/parlanordeste-discute-em-aracaju-impacto-da-reforma-da-previdencia-na-regiao-nordeste\/","title":{"rendered":"Parlanordeste discute em Aracaju impacto da Reforma da Previd\u00eancia na Regi\u00e3o Nordeste"},"content":{"rendered":"<p><img loading=\"lazy\" decoding=\"async\" class=\"alignnone size-medium wp-image-13582\" src=\"http:\/\/blogdorogeriogomes.com.br\/wp-content\/uploads\/2019\/08\/IMG_20190809_174625_543-300x223.jpg\" alt=\"IMG_20190809_174625_543\" width=\"300\" height=\"223\" srcset=\"https:\/\/blogdorogeriogomes.com.br\/noticias\/wp-content\/uploads\/2019\/08\/IMG_20190809_174625_543-300x223.jpg 300w, https:\/\/blogdorogeriogomes.com.br\/noticias\/wp-content\/uploads\/2019\/08\/IMG_20190809_174625_543-768x570.jpg 768w, https:\/\/blogdorogeriogomes.com.br\/noticias\/wp-content\/uploads\/2019\/08\/IMG_20190809_174625_543-1024x760.jpg 1024w, https:\/\/blogdorogeriogomes.com.br\/noticias\/wp-content\/uploads\/2019\/08\/IMG_20190809_174625_543.jpg 1280w\" sizes=\"auto, (max-width: 300px) 100vw, 300px\" \/><\/p>\n<p>Presidentes de Assembleias Legislativas do Nordeste, que comp\u00f5em o Parlanordeste, voltaram a se reunir, nesta sexta-feira, dia 9 de agosto, em Aracaju. O ponto central da reuni\u00e3o foi o impacto para o Nordeste da Reforma da Previd\u00eancia. Tamb\u00e9m foram discutidos durante o encontro o Pacto Federativo, o Marco Regulat\u00f3rio do Saneamento B\u00e1sico e a cria\u00e7\u00e3o dos fundos municipais dos idosos.<br \/>\nNo encontro, o presidente da Assembleia Legislativa do Cear\u00e1, Jos\u00e9 Sarto, desconstruiu a ideia de que gestores nordestinos defendam segrega\u00e7\u00e3o, refor\u00e7ando que, na verdade, a defesa que se faz \u00e9 de que nordestinos s\u00e3o brasileiros e querem participa\u00e7\u00e3o, mas de forma justa.<br \/>\nO pr\u00f3ximo Parlanordeste ocorrer\u00e1 em Alagoas no m\u00eas de outubro.<\/p>\n","protected":false},"excerpt":{"rendered":"<p>Presidentes de Assembleias Legislativas do Nordeste, que comp\u00f5em o Parlanordeste, voltaram a se reunir, nesta sexta-feira, dia 9 de agosto, em Aracaju. O ponto central da reuni\u00e3o foi o impacto para o Nordeste da Reforma da Previd\u00eancia. Tamb\u00e9m foram discutidos durante o encontro o Pacto Federativo, o Marco Regulat\u00f3rio do Saneamento B\u00e1sico e a cria\u00e7\u00e3o dos fundos municipais dos idosos. No encontro, o presidente da Assembleia Legislativa do Cear\u00e1, Jos\u00e9 Sarto, desconstruiu a ideia de que gestores nordestinos defendam&hellip;<\/p>\n","protected":false},"author":1,"featured_media":0,"comment_status":"open","ping_status":"open","sticky":false,"template":"","format":"standard","meta":{"footnotes":""},"categories":[1],"tags":[],"class_list":["post-13581","post","type-post","status-publish","format-standard","hentry","category-noticias"],"_links":{"self":[{"href":"https:\/\/blogdorogeriogomes.com.br\/noticias\/wp-json\/wp\/v2\/posts\/13581","targetHints":{"allow":["GET"]}}],"collection":[{"href":"https:\/\/blogdorogeriogomes.com.br\/noticias\/wp-json\/wp\/v2\/posts"}],"about":[{"href":"https:\/\/blogdorogeriogomes.com.br\/noticias\/wp-json\/wp\/v2\/types\/post"}],"author":[{"embeddable":true,"href":"https:\/\/blogdorogeriogomes.com.br\/noticias\/wp-json\/wp\/v2\/users\/1"}],"replies":[{"embeddable":true,"href":"https:\/\/blogdorogeriogomes.com.br\/noticias\/wp-json\/wp\/v2\/comments?post=13581"}],"version-history":[{"count":1,"href":"https:\/\/blogdorogeriogomes.com.br\/noticias\/wp-json\/wp\/v2\/posts\/13581\/revisions"}],"predecessor-version":[{"id":13583,"href":"https:\/\/blogdorogeriogomes.com.br\/noticias\/wp-json\/wp\/v2\/posts\/13581\/revisions\/13583"}],"wp:attachment":[{"href":"https:\/\/blogdorogeriogomes.com.br\/noticias\/wp-json\/wp\/v2\/media?parent=13581"}],"wp:term":[{"taxonomy":"category","embeddable":true,"href":"https:\/\/blogdorogeriogomes.com.br\/noticias\/wp-json\/wp\/v2\/categories?post=13581"},{"taxonomy":"post_tag","embeddable":true,"href":"https:\/\/blogdorogeriogomes.com.br\/noticias\/wp-json\/wp\/v2\/tags?post=13581"}],"curies":[{"name":"wp","href":"https:\/\/api.w.org\/{rel}","templated":true}]}}