{"id":13584,"date":"2019-08-09T21:18:26","date_gmt":"2019-08-09T21:18:26","guid":{"rendered":"http:\/\/blogdorogeriogomes.com.br\/?p=13584"},"modified":"2019-08-09T21:18:26","modified_gmt":"2019-08-09T21:18:26","slug":"raquel-dodge-tambem-foi-alvo-do-vazamento-de-conversas-dos-procuradores-da-lava-jato-diz-el-pais","status":"publish","type":"post","link":"https:\/\/blogdorogeriogomes.com.br\/noticias\/2019\/08\/raquel-dodge-tambem-foi-alvo-do-vazamento-de-conversas-dos-procuradores-da-lava-jato-diz-el-pais\/","title":{"rendered":"Raquel Dodge tamb\u00e9m foi alvo do vazamento de conversas dos procuradores da Lava Jato, diz El Pa\u00eds"},"content":{"rendered":"<p><img loading=\"lazy\" decoding=\"async\" class=\"alignnone size-medium wp-image-13585\" src=\"http:\/\/blogdorogeriogomes.com.br\/wp-content\/uploads\/2019\/08\/IMG_20190809_181425_243-300x261.jpg\" alt=\"IMG_20190809_181425_243\" width=\"300\" height=\"261\" srcset=\"https:\/\/blogdorogeriogomes.com.br\/noticias\/wp-content\/uploads\/2019\/08\/IMG_20190809_181425_243-300x261.jpg 300w, https:\/\/blogdorogeriogomes.com.br\/noticias\/wp-content\/uploads\/2019\/08\/IMG_20190809_181425_243.jpg 520w\" sizes=\"auto, (max-width: 300px) 100vw, 300px\" \/><\/p>\n<p>O site do jornal El Pa\u00eds, em conjunto com o The Intercept Brasil, publicou nova reportagem no fim da tarde desta sexta-feira, dia 9 de agosto, que mostra di\u00e1logos entre integrantes da Lava Jato de Curitiba tratando a procuradora-geral da Rep\u00fablica, Raquel Dodge, como entrave \u00e0 opera\u00e7\u00e3o e planejando minar sua imagem por meio de vazamentos de informa\u00e7\u00e3o na imprensa.<br \/>\nO tom dos procuradores subiu quando Raquel Dodge pediu a anula\u00e7\u00e3o do acordo firmado entre a For\u00e7a-Tarefa e o departamento de Justi\u00e7a dos Estados Unidos para criar uma funda\u00e7\u00e3o para gerir R$ 2,5 bilh\u00f5es devolvidos aos cofres p\u00fablicos ap\u00f3s a investiga\u00e7\u00e3o de esc\u00e2ndalos de corrup\u00e7\u00e3o.<br \/>\nO mandato de Raquel Dodge vai at\u00e9 17 de setembro. Ela n\u00e3o integra a lista tr\u00edplice eleita pela classe dos procuradores do Minist\u00e9rio P\u00fablico Federal, mas est\u00e1 na disputa para ser reconduzida ao posto pelo presidente Jair Bolsonaro.<\/p>\n","protected":false},"excerpt":{"rendered":"<p>O site do jornal El Pa\u00eds, em conjunto com o The Intercept Brasil, publicou nova reportagem no fim da tarde desta sexta-feira, dia 9 de agosto, que mostra di\u00e1logos entre integrantes da Lava Jato de Curitiba tratando a procuradora-geral da Rep\u00fablica, Raquel Dodge, como entrave \u00e0 opera\u00e7\u00e3o e planejando minar sua imagem por meio de vazamentos de informa\u00e7\u00e3o na imprensa. O tom dos procuradores subiu quando Raquel Dodge pediu a anula\u00e7\u00e3o do acordo firmado entre a For\u00e7a-Tarefa e o&hellip;<\/p>\n","protected":false},"author":1,"featured_media":0,"comment_status":"open","ping_status":"open","sticky":false,"template":"","format":"standard","meta":{"footnotes":""},"categories":[1],"tags":[],"class_list":["post-13584","post","type-post","status-publish","format-standard","hentry","category-noticias"],"_links":{"self":[{"href":"https:\/\/blogdorogeriogomes.com.br\/noticias\/wp-json\/wp\/v2\/posts\/13584","targetHints":{"allow":["GET"]}}],"collection":[{"href":"https:\/\/blogdorogeriogomes.com.br\/noticias\/wp-json\/wp\/v2\/posts"}],"about":[{"href":"https:\/\/blogdorogeriogomes.com.br\/noticias\/wp-json\/wp\/v2\/types\/post"}],"author":[{"embeddable":true,"href":"https:\/\/blogdorogeriogomes.com.br\/noticias\/wp-json\/wp\/v2\/users\/1"}],"replies":[{"embeddable":true,"href":"https:\/\/blogdorogeriogomes.com.br\/noticias\/wp-json\/wp\/v2\/comments?post=13584"}],"version-history":[{"count":1,"href":"https:\/\/blogdorogeriogomes.com.br\/noticias\/wp-json\/wp\/v2\/posts\/13584\/revisions"}],"predecessor-version":[{"id":13586,"href":"https:\/\/blogdorogeriogomes.com.br\/noticias\/wp-json\/wp\/v2\/posts\/13584\/revisions\/13586"}],"wp:attachment":[{"href":"https:\/\/blogdorogeriogomes.com.br\/noticias\/wp-json\/wp\/v2\/media?parent=13584"}],"wp:term":[{"taxonomy":"category","embeddable":true,"href":"https:\/\/blogdorogeriogomes.com.br\/noticias\/wp-json\/wp\/v2\/categories?post=13584"},{"taxonomy":"post_tag","embeddable":true,"href":"https:\/\/blogdorogeriogomes.com.br\/noticias\/wp-json\/wp\/v2\/tags?post=13584"}],"curies":[{"name":"wp","href":"https:\/\/api.w.org\/{rel}","templated":true}]}}