{"id":13587,"date":"2019-08-11T13:50:51","date_gmt":"2019-08-11T13:50:51","guid":{"rendered":"http:\/\/blogdorogeriogomes.com.br\/?p=13587"},"modified":"2019-08-11T13:50:51","modified_gmt":"2019-08-11T13:50:51","slug":"jornalista-miriam-leitao-rifa-sergio-moro-e-classifica-erro-politico-da-lava-jato","status":"publish","type":"post","link":"https:\/\/blogdorogeriogomes.com.br\/noticias\/2019\/08\/jornalista-miriam-leitao-rifa-sergio-moro-e-classifica-erro-politico-da-lava-jato\/","title":{"rendered":"Jornalista M\u00edriam Leit\u00e3o rifa S\u00e9rgio Moro e classifica &#8220;erro pol\u00edtico da Lava Jato&#8221;"},"content":{"rendered":"<p><img loading=\"lazy\" decoding=\"async\" class=\"alignnone size-medium wp-image-13588\" src=\"http:\/\/blogdorogeriogomes.com.br\/wp-content\/uploads\/2019\/08\/miriam-leita\u0303o-e-sergio-moro-600x400-300x200.jpg\" alt=\"miriam-leita\u0303o-e-sergio-moro-600x400\" width=\"300\" height=\"200\" srcset=\"https:\/\/blogdorogeriogomes.com.br\/noticias\/wp-content\/uploads\/2019\/08\/miriam-leita\u0303o-e-sergio-moro-600x400-300x200.jpg 300w, https:\/\/blogdorogeriogomes.com.br\/noticias\/wp-content\/uploads\/2019\/08\/miriam-leita\u0303o-e-sergio-moro-600x400.jpg 600w\" sizes=\"auto, (max-width: 300px) 100vw, 300px\" \/><\/p>\n<p>A jornalista da TV Globo, M\u00edriam Leit\u00e3o, resolveu detonar o ex-juiz e ministro da Justi\u00e7a, S\u00e9rgio Moro, na sua coluna do O Globo, neste domingo, dia 11 de agosto. M\u00edriam j\u00e1 foi uma entusiasta da Opera\u00e7\u00e3o Lava Jato. Diante das graves descobertas feitas pelo site The Intercept Brasil envolvendo Moro e os procuradores da Lava Jato, M\u00edriam Leit\u00e3o decidiu mudar de lado. Ela classifica como \u201co erro pol\u00edtico da Lava Jato\u201d.<\/p>\n<p>Vale a pena ler a an\u00e1lise da jornalista:<\/p>\n<p>\u201cO pior erro cometido pela Lava-Jato foi deixar-se usar politicamente e parecer bolsonarista. Isso foi \u00f3timo para o grupo que chegou ao Planalto, mas prejudicial aos objetivos da opera\u00e7\u00e3o. O movimento anticorrup\u00e7\u00e3o \u00e9 amplo, e o presidente Jair Bolsonaro n\u00e3o \u00e9 um modelo de \u00e9tica. A manipula\u00e7\u00e3o pol\u00edtica ficou mais f\u00e1cil quando o juiz Sergio Moro tirou a toga e foi para o Minist\u00e9rio da Justi\u00e7a, onde, como diz seu atual chefe, vive a \u201cang\u00fastia\u201d de n\u00e3o ter o poder que tinha. Em favor da Lava-Jato, o procurador Deltan Dallagnol deveria pedir para sair da for\u00e7a tarefa.<br \/>\nMoro deveria saber, mas n\u00e3o soube, que como foi da caneta dele que saiu a senten\u00e7a que acabou afastando o candidato que estava em primeiro lugar nas pesquisas, ele jamais poderia ir trabalhar com o que estava em segundo e acabou beneficiado, vencendo a elei\u00e7\u00e3o. Desde que assumiu, s\u00f3 se enfraqueceu. Esta semana foi fritado pelo presidente: \u201cEntendo a ang\u00fastia do Moro, mas ele n\u00e3o julga mais ningu\u00e9m\u201d. Moro entregou sua toga e agora tem que ouvir isso do governante ao qual aderiu.<br \/>\nComo cidad\u00e3o, Moro pode ter prefer\u00eancia pol\u00edtica. Como juiz, n\u00e3o deveria. Alguns integrantes da Lava-Jato deixaram claras suas inclina\u00e7\u00f5es durante a elei\u00e7\u00e3o, favorecendo o uso pol\u00edtico da opera\u00e7\u00e3o. Esse \u00e9 o erro original. Se a Lava-Jato quiser reparar os estragos ter\u00e1 que se mostrar acima das divis\u00f5es partid\u00e1rias. (\u2026)<br \/>\nMais do que uma ou outra frase, a vis\u00e3o geral que fica dos di\u00e1logos divulgados pelo \u201cThe Intercept\u201d \u00e9 a de que havia uma camaradagem entre a acusa\u00e7\u00e3o e o ju\u00edzo, o que \u00e9 inaceit\u00e1vel dentro do devido processo legal. O MP tem que fazer o m\u00e1ximo para condenar aqueles que acusa diante da Justi\u00e7a, como a defesa tudo faz na prote\u00e7\u00e3o do seu cliente. Mas n\u00e3o se pode cruzar a linha que separa o juiz das partes. Nessa travessia, a culpa maior \u00e9 do juiz, se ele escolhe um lado antes de julgar. (\u2026)<br \/>\nQuando Moro assumiu, disse que estava cansado de levar bola nas costas. \u00c9 o que mais tem feito atualmente. Se foi para o governo de olho numa vaga no STF, calculou errado: o tempo de espera \u00e9 longo e para ele ter o pr\u00eamio ter\u00e1 que sempre fechar os olhos para os in\u00fameros fatos que antes condenava: o laranjal do ministro do Turismo, a rachadinha no gabinete do filho do presidente, as in\u00fameras vezes em que o presidente feriu o princ\u00edpio da impessoalidade. Para Bolsonaro, tudo \u00e9 pessoal. Todas as decis\u00f5es que toma, ele mesmo anuncia que t\u00eam raz\u00f5es pessoais: do fil\u00e9 mignon para os filhos ao ataque aos jornais. Para quem, como Moro, fez uma carreira combatendo a improbidade administrativa fica incoerente. Para dizer o m\u00ednimo.<br \/>\nA Lava-Jato \u00e9 admirada por combater uma velha chaga nacional. In\u00fameros pol\u00edticos foram atingidos, al\u00e9m do ex-presidente Lula. Quem ajudou a criar a confus\u00e3o foram integrantes da pr\u00f3pria opera\u00e7\u00e3o, com os seus erros. \u00c9 isso que a amea\u00e7a, e n\u00e3o as eventuais cr\u00edticas feitas a algumas a\u00e7\u00f5es dos seus integrantes. A ordem da ju\u00edza da 13\u00aa Vara Federal esta semana, por exemplo, foi um desprop\u00f3sito e pareceu persegui\u00e7\u00e3o a Lula. De t\u00e3o equivocada, conseguiu a proeza de juntar, contra ela, 12 partidos e 10 ministros do Supremo. O maior perigo da Lava-Jato \u00e9 interno.\u201d<\/p>\n<p>At\u00e9 quem tem pensamento de direita e n\u00e3o se deixa contaminar pela vis\u00e3o de radicalismo empregada pela fam\u00edlia do Presidente, enxerga que estamos seguindo hoje para um caminho sem volta.<\/p>\n","protected":false},"excerpt":{"rendered":"<p>A jornalista da TV Globo, M\u00edriam Leit\u00e3o, resolveu detonar o ex-juiz e ministro da Justi\u00e7a, S\u00e9rgio Moro, na sua coluna do O Globo, neste domingo, dia 11 de agosto. M\u00edriam j\u00e1 foi uma entusiasta da Opera\u00e7\u00e3o Lava Jato. Diante das graves descobertas feitas pelo site The Intercept Brasil envolvendo Moro e os procuradores da Lava Jato, M\u00edriam Leit\u00e3o decidiu mudar de lado. Ela classifica como \u201co erro pol\u00edtico da Lava Jato\u201d. Vale a pena ler a an\u00e1lise da jornalista:&hellip;<\/p>\n","protected":false},"author":1,"featured_media":0,"comment_status":"open","ping_status":"open","sticky":false,"template":"","format":"standard","meta":{"footnotes":""},"categories":[1],"tags":[],"class_list":["post-13587","post","type-post","status-publish","format-standard","hentry","category-noticias"],"_links":{"self":[{"href":"https:\/\/blogdorogeriogomes.com.br\/noticias\/wp-json\/wp\/v2\/posts\/13587","targetHints":{"allow":["GET"]}}],"collection":[{"href":"https:\/\/blogdorogeriogomes.com.br\/noticias\/wp-json\/wp\/v2\/posts"}],"about":[{"href":"https:\/\/blogdorogeriogomes.com.br\/noticias\/wp-json\/wp\/v2\/types\/post"}],"author":[{"embeddable":true,"href":"https:\/\/blogdorogeriogomes.com.br\/noticias\/wp-json\/wp\/v2\/users\/1"}],"replies":[{"embeddable":true,"href":"https:\/\/blogdorogeriogomes.com.br\/noticias\/wp-json\/wp\/v2\/comments?post=13587"}],"version-history":[{"count":1,"href":"https:\/\/blogdorogeriogomes.com.br\/noticias\/wp-json\/wp\/v2\/posts\/13587\/revisions"}],"predecessor-version":[{"id":13589,"href":"https:\/\/blogdorogeriogomes.com.br\/noticias\/wp-json\/wp\/v2\/posts\/13587\/revisions\/13589"}],"wp:attachment":[{"href":"https:\/\/blogdorogeriogomes.com.br\/noticias\/wp-json\/wp\/v2\/media?parent=13587"}],"wp:term":[{"taxonomy":"category","embeddable":true,"href":"https:\/\/blogdorogeriogomes.com.br\/noticias\/wp-json\/wp\/v2\/categories?post=13587"},{"taxonomy":"post_tag","embeddable":true,"href":"https:\/\/blogdorogeriogomes.com.br\/noticias\/wp-json\/wp\/v2\/tags?post=13587"}],"curies":[{"name":"wp","href":"https:\/\/api.w.org\/{rel}","templated":true}]}}