{"id":13590,"date":"2019-08-12T09:03:22","date_gmt":"2019-08-12T09:03:22","guid":{"rendered":"http:\/\/blogdorogeriogomes.com.br\/?p=13590"},"modified":"2019-08-12T09:03:22","modified_gmt":"2019-08-12T09:03:22","slug":"bolsonaro-descarta-pelas-redes-sociais-indicacao-de-dallagnol-para-pgr","status":"publish","type":"post","link":"https:\/\/blogdorogeriogomes.com.br\/noticias\/2019\/08\/bolsonaro-descarta-pelas-redes-sociais-indicacao-de-dallagnol-para-pgr\/","title":{"rendered":"Bolsonaro descarta pelas redes sociais indica\u00e7\u00e3o de Dallagnol para PGR"},"content":{"rendered":"<p><img loading=\"lazy\" decoding=\"async\" class=\"alignnone size-medium wp-image-13591\" src=\"http:\/\/blogdorogeriogomes.com.br\/wp-content\/uploads\/2019\/08\/IMG_20190812_055853_789-300x208.jpg\" alt=\"IMG_20190812_055853_789\" width=\"300\" height=\"208\" srcset=\"https:\/\/blogdorogeriogomes.com.br\/noticias\/wp-content\/uploads\/2019\/08\/IMG_20190812_055853_789-300x208.jpg 300w, https:\/\/blogdorogeriogomes.com.br\/noticias\/wp-content\/uploads\/2019\/08\/IMG_20190812_055853_789.jpg 433w\" sizes=\"auto, (max-width: 300px) 100vw, 300px\" \/><\/p>\n<p>A situa\u00e7\u00e3o do procurador chefe da Lava Jato, Deltan Dallagnol, n\u00e3o \u00e9 boa nem junto ao presidente Jair Bolsonaro. Neste domingo, dia 12 de agosto, ao responder pedidos de seguidores para que leve \u00e0 PGR (Procuradoria Geral da Rep\u00fablica) Deltan Dallagnol, a p\u00e1gina oficial no Facebook de Jair Bolsonaro (PSL) respondeu compartilhando um post que chama o procurador de &#8220;esquerdista tipo PSOL&#8221;. Ou seja, para Bolsonaro, a indica\u00e7\u00e3o de Dallagnol para a PGR tem chance zero.<br \/>\nO post re\u00fane uma s\u00e9rie de declara\u00e7\u00f5es dadas por Deltan a jornais e nas redes sociais, posicionando-se contra a ditadura ou criticando atos do presidente. Bolsonaro pretende indicar o pr\u00f3ximo titular da PGR na pr\u00f3xima semana. A atual procuradora geral Raquel Dodge tenta se manter no cargo.<\/p>\n","protected":false},"excerpt":{"rendered":"<p>A situa\u00e7\u00e3o do procurador chefe da Lava Jato, Deltan Dallagnol, n\u00e3o \u00e9 boa nem junto ao presidente Jair Bolsonaro. Neste domingo, dia 12 de agosto, ao responder pedidos de seguidores para que leve \u00e0 PGR (Procuradoria Geral da Rep\u00fablica) Deltan Dallagnol, a p\u00e1gina oficial no Facebook de Jair Bolsonaro (PSL) respondeu compartilhando um post que chama o procurador de &#8220;esquerdista tipo PSOL&#8221;. Ou seja, para Bolsonaro, a indica\u00e7\u00e3o de Dallagnol para a PGR tem chance zero. O post re\u00fane&hellip;<\/p>\n","protected":false},"author":1,"featured_media":0,"comment_status":"open","ping_status":"open","sticky":false,"template":"","format":"standard","meta":{"footnotes":""},"categories":[1],"tags":[],"class_list":["post-13590","post","type-post","status-publish","format-standard","hentry","category-noticias"],"_links":{"self":[{"href":"https:\/\/blogdorogeriogomes.com.br\/noticias\/wp-json\/wp\/v2\/posts\/13590","targetHints":{"allow":["GET"]}}],"collection":[{"href":"https:\/\/blogdorogeriogomes.com.br\/noticias\/wp-json\/wp\/v2\/posts"}],"about":[{"href":"https:\/\/blogdorogeriogomes.com.br\/noticias\/wp-json\/wp\/v2\/types\/post"}],"author":[{"embeddable":true,"href":"https:\/\/blogdorogeriogomes.com.br\/noticias\/wp-json\/wp\/v2\/users\/1"}],"replies":[{"embeddable":true,"href":"https:\/\/blogdorogeriogomes.com.br\/noticias\/wp-json\/wp\/v2\/comments?post=13590"}],"version-history":[{"count":1,"href":"https:\/\/blogdorogeriogomes.com.br\/noticias\/wp-json\/wp\/v2\/posts\/13590\/revisions"}],"predecessor-version":[{"id":13592,"href":"https:\/\/blogdorogeriogomes.com.br\/noticias\/wp-json\/wp\/v2\/posts\/13590\/revisions\/13592"}],"wp:attachment":[{"href":"https:\/\/blogdorogeriogomes.com.br\/noticias\/wp-json\/wp\/v2\/media?parent=13590"}],"wp:term":[{"taxonomy":"category","embeddable":true,"href":"https:\/\/blogdorogeriogomes.com.br\/noticias\/wp-json\/wp\/v2\/categories?post=13590"},{"taxonomy":"post_tag","embeddable":true,"href":"https:\/\/blogdorogeriogomes.com.br\/noticias\/wp-json\/wp\/v2\/tags?post=13590"}],"curies":[{"name":"wp","href":"https:\/\/api.w.org\/{rel}","templated":true}]}}