{"id":13593,"date":"2019-08-12T09:13:41","date_gmt":"2019-08-12T09:13:41","guid":{"rendered":"http:\/\/blogdorogeriogomes.com.br\/?p=13593"},"modified":"2019-08-12T09:13:41","modified_gmt":"2019-08-12T09:13:41","slug":"preco-da-gasolina-varia-pra-cima-no-ceara-na-primeira-semana-de-agosto","status":"publish","type":"post","link":"https:\/\/blogdorogeriogomes.com.br\/noticias\/2019\/08\/preco-da-gasolina-varia-pra-cima-no-ceara-na-primeira-semana-de-agosto\/","title":{"rendered":"Pre\u00e7o da gasolina varia pra cima no Cear\u00e1 na primeira semana de agosto"},"content":{"rendered":"<p><img loading=\"lazy\" decoding=\"async\" class=\"alignnone size-medium wp-image-13594\" src=\"http:\/\/blogdorogeriogomes.com.br\/wp-content\/uploads\/2019\/08\/IMG_20190812_061032_087-300x203.jpg\" alt=\"IMG_20190812_061032_087\" width=\"300\" height=\"203\" srcset=\"https:\/\/blogdorogeriogomes.com.br\/noticias\/wp-content\/uploads\/2019\/08\/IMG_20190812_061032_087-300x203.jpg 300w, https:\/\/blogdorogeriogomes.com.br\/noticias\/wp-content\/uploads\/2019\/08\/IMG_20190812_061032_087.jpg 669w\" sizes=\"auto, (max-width: 300px) 100vw, 300px\" \/><\/p>\n<p>O pre\u00e7o da gasolina mostra varia\u00e7\u00e3o pra cima no m\u00eas de agosto no Cear\u00e1. O combust\u00edvel subiu 5,16% no Estado, segundo pesquisa da Ag\u00eancia Nacional do Petr\u00f3leo, G\u00e1s Natural e Biocombust\u00edveis (ANP), no per\u00edodo de 4 a 10 de agosto. O litro do combust\u00edvel estava sendo comercializado em m\u00e9dia a R$ 4,544 no per\u00edodo. J\u00e1 na semana anterior (de 28 de julho a 3 de agosto), os postos vendiam a gasolina a R$ 4,321.<br \/>\nEm Fortaleza, o litro do produto teve alta de 7,58%, passando de R$ 4,245 para R$ 4,567. Na Capital, a pesquisa da ANP foi realizada em 101 postos.<br \/>\nO pre\u00e7o m\u00e1ximo verificado do litro da gasolina em Fortaleza foi de R$ 4,599, enquanto que o valor m\u00ednimo foi de R$ 4,350.<\/p>\n","protected":false},"excerpt":{"rendered":"<p>O pre\u00e7o da gasolina mostra varia\u00e7\u00e3o pra cima no m\u00eas de agosto no Cear\u00e1. O combust\u00edvel subiu 5,16% no Estado, segundo pesquisa da Ag\u00eancia Nacional do Petr\u00f3leo, G\u00e1s Natural e Biocombust\u00edveis (ANP), no per\u00edodo de 4 a 10 de agosto. O litro do combust\u00edvel estava sendo comercializado em m\u00e9dia a R$ 4,544 no per\u00edodo. J\u00e1 na semana anterior (de 28 de julho a 3 de agosto), os postos vendiam a gasolina a R$ 4,321. Em Fortaleza, o litro do&hellip;<\/p>\n","protected":false},"author":1,"featured_media":0,"comment_status":"open","ping_status":"open","sticky":false,"template":"","format":"standard","meta":{"footnotes":""},"categories":[1],"tags":[],"class_list":["post-13593","post","type-post","status-publish","format-standard","hentry","category-noticias"],"_links":{"self":[{"href":"https:\/\/blogdorogeriogomes.com.br\/noticias\/wp-json\/wp\/v2\/posts\/13593","targetHints":{"allow":["GET"]}}],"collection":[{"href":"https:\/\/blogdorogeriogomes.com.br\/noticias\/wp-json\/wp\/v2\/posts"}],"about":[{"href":"https:\/\/blogdorogeriogomes.com.br\/noticias\/wp-json\/wp\/v2\/types\/post"}],"author":[{"embeddable":true,"href":"https:\/\/blogdorogeriogomes.com.br\/noticias\/wp-json\/wp\/v2\/users\/1"}],"replies":[{"embeddable":true,"href":"https:\/\/blogdorogeriogomes.com.br\/noticias\/wp-json\/wp\/v2\/comments?post=13593"}],"version-history":[{"count":1,"href":"https:\/\/blogdorogeriogomes.com.br\/noticias\/wp-json\/wp\/v2\/posts\/13593\/revisions"}],"predecessor-version":[{"id":13595,"href":"https:\/\/blogdorogeriogomes.com.br\/noticias\/wp-json\/wp\/v2\/posts\/13593\/revisions\/13595"}],"wp:attachment":[{"href":"https:\/\/blogdorogeriogomes.com.br\/noticias\/wp-json\/wp\/v2\/media?parent=13593"}],"wp:term":[{"taxonomy":"category","embeddable":true,"href":"https:\/\/blogdorogeriogomes.com.br\/noticias\/wp-json\/wp\/v2\/categories?post=13593"},{"taxonomy":"post_tag","embeddable":true,"href":"https:\/\/blogdorogeriogomes.com.br\/noticias\/wp-json\/wp\/v2\/tags?post=13593"}],"curies":[{"name":"wp","href":"https:\/\/api.w.org\/{rel}","templated":true}]}}