{"id":13596,"date":"2019-08-12T20:02:29","date_gmt":"2019-08-12T20:02:29","guid":{"rendered":"http:\/\/blogdorogeriogomes.com.br\/?p=13596"},"modified":"2019-08-12T20:02:29","modified_gmt":"2019-08-12T20:02:29","slug":"cid-gomes-participa-de-evento-da-uvc-e-reafirma-que-nao-tem-interesse-de-concorrer-a-prefeitura-de-fortaleza","status":"publish","type":"post","link":"https:\/\/blogdorogeriogomes.com.br\/noticias\/2019\/08\/cid-gomes-participa-de-evento-da-uvc-e-reafirma-que-nao-tem-interesse-de-concorrer-a-prefeitura-de-fortaleza\/","title":{"rendered":"Cid Gomes participa de evento da UVC e reafirma que n\u00e3o tem interesse de concorrer \u00e0 Prefeitura de Fortaleza"},"content":{"rendered":"<p><img loading=\"lazy\" decoding=\"async\" class=\"alignnone size-medium wp-image-13597\" src=\"http:\/\/blogdorogeriogomes.com.br\/wp-content\/uploads\/2019\/08\/IMG_20190812_165601_430-300x300.jpg\" alt=\"IMG_20190812_165601_430\" width=\"300\" height=\"300\" srcset=\"https:\/\/blogdorogeriogomes.com.br\/noticias\/wp-content\/uploads\/2019\/08\/IMG_20190812_165601_430-300x300.jpg 300w, https:\/\/blogdorogeriogomes.com.br\/noticias\/wp-content\/uploads\/2019\/08\/IMG_20190812_165601_430-150x150.jpg 150w, https:\/\/blogdorogeriogomes.com.br\/noticias\/wp-content\/uploads\/2019\/08\/IMG_20190812_165601_430.jpg 732w\" sizes=\"auto, (max-width: 300px) 100vw, 300px\" \/><\/p>\n<p>A Uni\u00e3o dos Vereadores e C\u00e2maras do Cear\u00e1 (UVC) reuniu parlamentares de todo o Estado, em Fortaleza, nesta segunda-feira, dia 12 de agosto. O objetivo do encontro \u00e9 firmar parceria com o Interlegis, programa do Senado Federal de apoio ao Legislativo, para o processo de moderniza\u00e7\u00e3o dos legislativos municipais do Cear\u00e1.<br \/>\nO senador do PDT, Cid Gomes, foi um dos palestrantes do evento da UVC. No encontro, ele descartou a possibilidade de sair candidato \u00e0 Prefeitura de Fortaleza, no pr\u00f3ximo ano, quando Roberto Cl\u00e1udio encerra seu mandato. \u201cVamos procurar uma pessoa nova, que inspire a continuidade do que o Roberto Cl\u00e1udio fez de bom e que possa, ao mesmo tempo, inspirar confian\u00e7a para que o que n\u00e3o foi acertado, possa ser resolvido em uma futura gest\u00e3o\u201d, disse Cid Gomes.<\/p>\n","protected":false},"excerpt":{"rendered":"<p>A Uni\u00e3o dos Vereadores e C\u00e2maras do Cear\u00e1 (UVC) reuniu parlamentares de todo o Estado, em Fortaleza, nesta segunda-feira, dia 12 de agosto. O objetivo do encontro \u00e9 firmar parceria com o Interlegis, programa do Senado Federal de apoio ao Legislativo, para o processo de moderniza\u00e7\u00e3o dos legislativos municipais do Cear\u00e1. O senador do PDT, Cid Gomes, foi um dos palestrantes do evento da UVC. No encontro, ele descartou a possibilidade de sair candidato \u00e0 Prefeitura de Fortaleza, no&hellip;<\/p>\n","protected":false},"author":1,"featured_media":0,"comment_status":"open","ping_status":"open","sticky":false,"template":"","format":"standard","meta":{"footnotes":""},"categories":[1],"tags":[],"class_list":["post-13596","post","type-post","status-publish","format-standard","hentry","category-noticias"],"_links":{"self":[{"href":"https:\/\/blogdorogeriogomes.com.br\/noticias\/wp-json\/wp\/v2\/posts\/13596","targetHints":{"allow":["GET"]}}],"collection":[{"href":"https:\/\/blogdorogeriogomes.com.br\/noticias\/wp-json\/wp\/v2\/posts"}],"about":[{"href":"https:\/\/blogdorogeriogomes.com.br\/noticias\/wp-json\/wp\/v2\/types\/post"}],"author":[{"embeddable":true,"href":"https:\/\/blogdorogeriogomes.com.br\/noticias\/wp-json\/wp\/v2\/users\/1"}],"replies":[{"embeddable":true,"href":"https:\/\/blogdorogeriogomes.com.br\/noticias\/wp-json\/wp\/v2\/comments?post=13596"}],"version-history":[{"count":1,"href":"https:\/\/blogdorogeriogomes.com.br\/noticias\/wp-json\/wp\/v2\/posts\/13596\/revisions"}],"predecessor-version":[{"id":13598,"href":"https:\/\/blogdorogeriogomes.com.br\/noticias\/wp-json\/wp\/v2\/posts\/13596\/revisions\/13598"}],"wp:attachment":[{"href":"https:\/\/blogdorogeriogomes.com.br\/noticias\/wp-json\/wp\/v2\/media?parent=13596"}],"wp:term":[{"taxonomy":"category","embeddable":true,"href":"https:\/\/blogdorogeriogomes.com.br\/noticias\/wp-json\/wp\/v2\/categories?post=13596"},{"taxonomy":"post_tag","embeddable":true,"href":"https:\/\/blogdorogeriogomes.com.br\/noticias\/wp-json\/wp\/v2\/tags?post=13596"}],"curies":[{"name":"wp","href":"https:\/\/api.w.org\/{rel}","templated":true}]}}