{"id":13599,"date":"2019-08-12T20:24:42","date_gmt":"2019-08-12T20:24:42","guid":{"rendered":"http:\/\/blogdorogeriogomes.com.br\/?p=13599"},"modified":"2019-08-12T20:24:42","modified_gmt":"2019-08-12T20:24:42","slug":"ministra-do-meio-ambiente-da-alemanha-confirma-corte-em-recursos-de-preservacao-a-amazonia","status":"publish","type":"post","link":"https:\/\/blogdorogeriogomes.com.br\/noticias\/2019\/08\/ministra-do-meio-ambiente-da-alemanha-confirma-corte-em-recursos-de-preservacao-a-amazonia\/","title":{"rendered":"Ministra do Meio Ambiente da Alemanha confirma corte em recursos de preserva\u00e7\u00e3o \u00e0 Amaz\u00f4nia"},"content":{"rendered":"<p><img loading=\"lazy\" decoding=\"async\" class=\"alignnone size-medium wp-image-13600\" src=\"http:\/\/blogdorogeriogomes.com.br\/wp-content\/uploads\/2019\/08\/IMG_20190812_171832_272-300x169.jpg\" alt=\"IMG_20190812_171832_272\" width=\"300\" height=\"169\" srcset=\"https:\/\/blogdorogeriogomes.com.br\/noticias\/wp-content\/uploads\/2019\/08\/IMG_20190812_171832_272-300x169.jpg 300w, https:\/\/blogdorogeriogomes.com.br\/noticias\/wp-content\/uploads\/2019\/08\/IMG_20190812_171832_272-768x432.jpg 768w, https:\/\/blogdorogeriogomes.com.br\/noticias\/wp-content\/uploads\/2019\/08\/IMG_20190812_171832_272-1024x576.jpg 1024w, https:\/\/blogdorogeriogomes.com.br\/noticias\/wp-content\/uploads\/2019\/08\/IMG_20190812_171832_272.jpg 1080w\" sizes=\"auto, (max-width: 300px) 100vw, 300px\" \/><\/p>\n<p>As declara\u00e7\u00f5es do presidente Jair Bolsonaro sobre o meio ambiente s\u00f3 dificultam a rela\u00e7\u00e3o com pa\u00edses que investem na preserva\u00e7\u00e3o da Amaz\u00f4nia. Nesta segunda-feira, dia 12 de agosto, a ministra alem\u00e3 do Meio Ambiente, Svenja Schulze, defendeu que seu pa\u00eds continue apoiando a preserva\u00e7\u00e3o da Amaz\u00f4nia, mas que n\u00e3o deve &#8220;ficar dando dinheiro&#8221; se os \u00edndices mostram um aumento no desmatamento no Brasil.<br \/>\n&#8220;Isso mostra que estamos fazendo exatamente a coisa certa&#8221;, disse a ministra do Meio Ambiente Svenja Schulze, sobre Jair Bolsonaro ter falado que o Brasil n\u00e3o precisava dos R$ 150 milh\u00f5es da Alemanha para preserva\u00e7\u00e3o da floresta Amaz\u00f4nica.<br \/>\nNo s\u00e1bado, dia 10, diante do aumento do desmatamento no Brasil, a ministra disse que ir\u00e1 suspender o financiamento de R$ 150 milh\u00f5es (35 milh\u00f5es de euros) em projetos para a prote\u00e7\u00e3o da floresta e da biodiversidade no pa\u00eds.<br \/>\nBolsonaro reagiu \u00e0 decis\u00e3o anunciada no fim de semana. &#8220;Investir? Ela n\u00e3o vai comprar a Amaz\u00f4nia. Vai deixar de comprar a presta\u00e7\u00e3o a Amaz\u00f4nia. Pode fazer bom uso dessa grana. O Brasil n\u00e3o precisa disso&#8221;, disse o presidente.<\/p>\n","protected":false},"excerpt":{"rendered":"<p>As declara\u00e7\u00f5es do presidente Jair Bolsonaro sobre o meio ambiente s\u00f3 dificultam a rela\u00e7\u00e3o com pa\u00edses que investem na preserva\u00e7\u00e3o da Amaz\u00f4nia. Nesta segunda-feira, dia 12 de agosto, a ministra alem\u00e3 do Meio Ambiente, Svenja Schulze, defendeu que seu pa\u00eds continue apoiando a preserva\u00e7\u00e3o da Amaz\u00f4nia, mas que n\u00e3o deve &#8220;ficar dando dinheiro&#8221; se os \u00edndices mostram um aumento no desmatamento no Brasil. &#8220;Isso mostra que estamos fazendo exatamente a coisa certa&#8221;, disse a ministra do Meio Ambiente Svenja&hellip;<\/p>\n","protected":false},"author":1,"featured_media":0,"comment_status":"open","ping_status":"open","sticky":false,"template":"","format":"standard","meta":{"footnotes":""},"categories":[1],"tags":[],"class_list":["post-13599","post","type-post","status-publish","format-standard","hentry","category-noticias"],"_links":{"self":[{"href":"https:\/\/blogdorogeriogomes.com.br\/noticias\/wp-json\/wp\/v2\/posts\/13599","targetHints":{"allow":["GET"]}}],"collection":[{"href":"https:\/\/blogdorogeriogomes.com.br\/noticias\/wp-json\/wp\/v2\/posts"}],"about":[{"href":"https:\/\/blogdorogeriogomes.com.br\/noticias\/wp-json\/wp\/v2\/types\/post"}],"author":[{"embeddable":true,"href":"https:\/\/blogdorogeriogomes.com.br\/noticias\/wp-json\/wp\/v2\/users\/1"}],"replies":[{"embeddable":true,"href":"https:\/\/blogdorogeriogomes.com.br\/noticias\/wp-json\/wp\/v2\/comments?post=13599"}],"version-history":[{"count":1,"href":"https:\/\/blogdorogeriogomes.com.br\/noticias\/wp-json\/wp\/v2\/posts\/13599\/revisions"}],"predecessor-version":[{"id":13601,"href":"https:\/\/blogdorogeriogomes.com.br\/noticias\/wp-json\/wp\/v2\/posts\/13599\/revisions\/13601"}],"wp:attachment":[{"href":"https:\/\/blogdorogeriogomes.com.br\/noticias\/wp-json\/wp\/v2\/media?parent=13599"}],"wp:term":[{"taxonomy":"category","embeddable":true,"href":"https:\/\/blogdorogeriogomes.com.br\/noticias\/wp-json\/wp\/v2\/categories?post=13599"},{"taxonomy":"post_tag","embeddable":true,"href":"https:\/\/blogdorogeriogomes.com.br\/noticias\/wp-json\/wp\/v2\/tags?post=13599"}],"curies":[{"name":"wp","href":"https:\/\/api.w.org\/{rel}","templated":true}]}}