{"id":13605,"date":"2019-08-13T08:56:37","date_gmt":"2019-08-13T08:56:37","guid":{"rendered":"http:\/\/blogdorogeriogomes.com.br\/?p=13605"},"modified":"2019-08-13T08:56:37","modified_gmt":"2019-08-13T08:56:37","slug":"mensagens-revelam-que-moro-instruiu-lava-jato-a-nao-apreender-celulares-de-eduardo-cunha","status":"publish","type":"post","link":"https:\/\/blogdorogeriogomes.com.br\/noticias\/2019\/08\/mensagens-revelam-que-moro-instruiu-lava-jato-a-nao-apreender-celulares-de-eduardo-cunha\/","title":{"rendered":"Mensagens revelam que Moro instruiu Lava Jato a n\u00e3o apreender celulares de Eduardo Cunha"},"content":{"rendered":"<p><img loading=\"lazy\" decoding=\"async\" class=\"alignnone size-medium wp-image-13606\" src=\"http:\/\/blogdorogeriogomes.com.br\/wp-content\/uploads\/2019\/08\/IMG_20190813_055233_658-300x162.jpg\" alt=\"IMG_20190813_055233_658\" width=\"300\" height=\"162\" srcset=\"https:\/\/blogdorogeriogomes.com.br\/noticias\/wp-content\/uploads\/2019\/08\/IMG_20190813_055233_658-300x162.jpg 300w, https:\/\/blogdorogeriogomes.com.br\/noticias\/wp-content\/uploads\/2019\/08\/IMG_20190813_055233_658.jpg 722w\" sizes=\"auto, (max-width: 300px) 100vw, 300px\" \/><\/p>\n<p>Novos di\u00e1logos da Vaza Jato, divulgados pelo Buzzfeed Brasil, em parceria com o The Intercept Brasil, nesta segunda-feira, dia 12 de agosto, revelam que um dia antes da pris\u00e3o do ex-presidente da C\u00e2mara dos Deputados, Eduardo Cunha, em 2016, Deltan Dallagnol e S\u00e9rgio Moro conversam e ap\u00f3s instru\u00e7\u00f5es de Moro, a Lava Jato desiste de apreender celulares de Cunha.<br \/>\nSegundo a reportagem do Buzzfeed, os di\u00e1logos entre o ent\u00e3o juiz e o chefe dos investigadores ocorreram no dia 18 de outubro de 2016. Um dia antes da pris\u00e3o de Cunha, o chefe da for\u00e7a-tarefa, Deltan Dallagnol, mandou mensagens ao ent\u00e3o juiz. &#8220;Quer\u00edamos falar sobre a apreens\u00e3o dos celulares. Consideramos importante, ter\u00edamos que pedir hoje&#8221;. Moro responde: &#8220;N\u00e3o acho que \u00e9 uma boa&#8221;.<br \/>\nEduardo Cunha n\u00e3o tinha foro privilegiado desde setembro de 2016, um m\u00eas antes de sua pris\u00e3o.<\/p>\n","protected":false},"excerpt":{"rendered":"<p>Novos di\u00e1logos da Vaza Jato, divulgados pelo Buzzfeed Brasil, em parceria com o The Intercept Brasil, nesta segunda-feira, dia 12 de agosto, revelam que um dia antes da pris\u00e3o do ex-presidente da C\u00e2mara dos Deputados, Eduardo Cunha, em 2016, Deltan Dallagnol e S\u00e9rgio Moro conversam e ap\u00f3s instru\u00e7\u00f5es de Moro, a Lava Jato desiste de apreender celulares de Cunha. Segundo a reportagem do Buzzfeed, os di\u00e1logos entre o ent\u00e3o juiz e o chefe dos investigadores ocorreram no dia 18&hellip;<\/p>\n","protected":false},"author":1,"featured_media":0,"comment_status":"open","ping_status":"open","sticky":false,"template":"","format":"standard","meta":{"footnotes":""},"categories":[1],"tags":[],"class_list":["post-13605","post","type-post","status-publish","format-standard","hentry","category-noticias"],"_links":{"self":[{"href":"https:\/\/blogdorogeriogomes.com.br\/noticias\/wp-json\/wp\/v2\/posts\/13605","targetHints":{"allow":["GET"]}}],"collection":[{"href":"https:\/\/blogdorogeriogomes.com.br\/noticias\/wp-json\/wp\/v2\/posts"}],"about":[{"href":"https:\/\/blogdorogeriogomes.com.br\/noticias\/wp-json\/wp\/v2\/types\/post"}],"author":[{"embeddable":true,"href":"https:\/\/blogdorogeriogomes.com.br\/noticias\/wp-json\/wp\/v2\/users\/1"}],"replies":[{"embeddable":true,"href":"https:\/\/blogdorogeriogomes.com.br\/noticias\/wp-json\/wp\/v2\/comments?post=13605"}],"version-history":[{"count":1,"href":"https:\/\/blogdorogeriogomes.com.br\/noticias\/wp-json\/wp\/v2\/posts\/13605\/revisions"}],"predecessor-version":[{"id":13607,"href":"https:\/\/blogdorogeriogomes.com.br\/noticias\/wp-json\/wp\/v2\/posts\/13605\/revisions\/13607"}],"wp:attachment":[{"href":"https:\/\/blogdorogeriogomes.com.br\/noticias\/wp-json\/wp\/v2\/media?parent=13605"}],"wp:term":[{"taxonomy":"category","embeddable":true,"href":"https:\/\/blogdorogeriogomes.com.br\/noticias\/wp-json\/wp\/v2\/categories?post=13605"},{"taxonomy":"post_tag","embeddable":true,"href":"https:\/\/blogdorogeriogomes.com.br\/noticias\/wp-json\/wp\/v2\/tags?post=13605"}],"curies":[{"name":"wp","href":"https:\/\/api.w.org\/{rel}","templated":true}]}}