{"id":13608,"date":"2019-08-13T09:19:26","date_gmt":"2019-08-13T09:19:26","guid":{"rendered":"http:\/\/blogdorogeriogomes.com.br\/?p=13608"},"modified":"2019-08-13T09:19:26","modified_gmt":"2019-08-13T09:19:26","slug":"terca-feira-sera-de-protestos-em-todo-o-pais-em-defesa-da-educacao-e-contra-reforma-da-previdencia","status":"publish","type":"post","link":"https:\/\/blogdorogeriogomes.com.br\/noticias\/2019\/08\/terca-feira-sera-de-protestos-em-todo-o-pais-em-defesa-da-educacao-e-contra-reforma-da-previdencia\/","title":{"rendered":"Ter\u00e7a-feira ser\u00e1 de protestos em todo o Pa\u00eds em defesa da educa\u00e7\u00e3o e contra reforma da Previd\u00eancia"},"content":{"rendered":"<p><img loading=\"lazy\" decoding=\"async\" class=\"alignnone size-medium wp-image-13609\" src=\"http:\/\/blogdorogeriogomes.com.br\/wp-content\/uploads\/2019\/08\/IMG_20190813_061507_516-300x257.jpg\" alt=\"IMG_20190813_061507_516\" width=\"300\" height=\"257\" srcset=\"https:\/\/blogdorogeriogomes.com.br\/noticias\/wp-content\/uploads\/2019\/08\/IMG_20190813_061507_516-300x257.jpg 300w, https:\/\/blogdorogeriogomes.com.br\/noticias\/wp-content\/uploads\/2019\/08\/IMG_20190813_061507_516.jpg 528w\" sizes=\"auto, (max-width: 300px) 100vw, 300px\" \/><\/p>\n<p>Hoje \u00e9 Dia Nacional de Luta em Defesa da Educa\u00e7\u00e3o e contra a Reforma da Previd\u00eancia. Est\u00e3o previstas, ao longo do dia, manifesta\u00e7\u00f5es de protesto contra o governo pelas 12 centrais sindicais unidas, a Uni\u00e3o Nacional dos Estudantes e centenas de outras entidades mobilizadas em todo o pa\u00eds.<br \/>\nOs protestos, depois de oitos meses de governo, apontam para uma mudan\u00e7a de clima no Pa\u00eds no sentido de cobrar normalidade do processo democr\u00e1tico. Os manifestantes devem explorar as frases agressivas e contra a democracria ditas por Jair Bolsonaro, como a homenagem a Carlos Alberto Brilhante Ustra. Na semana passada, o chefe do Planalto afirmou que o coronel foi um &#8220;heroi nacional&#8221;.<br \/>\nEm Fortaleza, a atividade tem concentra\u00e7\u00e3o na Pra\u00e7a da Gentil\u00e2ndia, no bairro Benfica. O ato foi convocado pelas centrais sindicais, movimentos sociais e as frentes Brasil Popular e Povo Sem Medo.<\/p>\n","protected":false},"excerpt":{"rendered":"<p>Hoje \u00e9 Dia Nacional de Luta em Defesa da Educa\u00e7\u00e3o e contra a Reforma da Previd\u00eancia. Est\u00e3o previstas, ao longo do dia, manifesta\u00e7\u00f5es de protesto contra o governo pelas 12 centrais sindicais unidas, a Uni\u00e3o Nacional dos Estudantes e centenas de outras entidades mobilizadas em todo o pa\u00eds. Os protestos, depois de oitos meses de governo, apontam para uma mudan\u00e7a de clima no Pa\u00eds no sentido de cobrar normalidade do processo democr\u00e1tico. Os manifestantes devem explorar as frases agressivas&hellip;<\/p>\n","protected":false},"author":1,"featured_media":0,"comment_status":"open","ping_status":"open","sticky":false,"template":"","format":"standard","meta":{"footnotes":""},"categories":[1],"tags":[],"class_list":["post-13608","post","type-post","status-publish","format-standard","hentry","category-noticias"],"_links":{"self":[{"href":"https:\/\/blogdorogeriogomes.com.br\/noticias\/wp-json\/wp\/v2\/posts\/13608","targetHints":{"allow":["GET"]}}],"collection":[{"href":"https:\/\/blogdorogeriogomes.com.br\/noticias\/wp-json\/wp\/v2\/posts"}],"about":[{"href":"https:\/\/blogdorogeriogomes.com.br\/noticias\/wp-json\/wp\/v2\/types\/post"}],"author":[{"embeddable":true,"href":"https:\/\/blogdorogeriogomes.com.br\/noticias\/wp-json\/wp\/v2\/users\/1"}],"replies":[{"embeddable":true,"href":"https:\/\/blogdorogeriogomes.com.br\/noticias\/wp-json\/wp\/v2\/comments?post=13608"}],"version-history":[{"count":1,"href":"https:\/\/blogdorogeriogomes.com.br\/noticias\/wp-json\/wp\/v2\/posts\/13608\/revisions"}],"predecessor-version":[{"id":13610,"href":"https:\/\/blogdorogeriogomes.com.br\/noticias\/wp-json\/wp\/v2\/posts\/13608\/revisions\/13610"}],"wp:attachment":[{"href":"https:\/\/blogdorogeriogomes.com.br\/noticias\/wp-json\/wp\/v2\/media?parent=13608"}],"wp:term":[{"taxonomy":"category","embeddable":true,"href":"https:\/\/blogdorogeriogomes.com.br\/noticias\/wp-json\/wp\/v2\/categories?post=13608"},{"taxonomy":"post_tag","embeddable":true,"href":"https:\/\/blogdorogeriogomes.com.br\/noticias\/wp-json\/wp\/v2\/tags?post=13608"}],"curies":[{"name":"wp","href":"https:\/\/api.w.org\/{rel}","templated":true}]}}