{"id":13611,"date":"2019-08-13T17:06:15","date_gmt":"2019-08-13T17:06:15","guid":{"rendered":"http:\/\/blogdorogeriogomes.com.br\/?p=13611"},"modified":"2019-08-13T17:06:15","modified_gmt":"2019-08-13T17:06:15","slug":"conselho-do-ministerio-publico-rejeita-recurso-de-dallagnol-e-mantem-processo-administrativo-contra-ele","status":"publish","type":"post","link":"https:\/\/blogdorogeriogomes.com.br\/noticias\/2019\/08\/conselho-do-ministerio-publico-rejeita-recurso-de-dallagnol-e-mantem-processo-administrativo-contra-ele\/","title":{"rendered":"Conselho do Minist\u00e9rio P\u00fablico rejeita recurso de Dallagnol e mant\u00e9m processo administrativo contra ele"},"content":{"rendered":"<p><img loading=\"lazy\" decoding=\"async\" class=\"alignnone size-medium wp-image-13612\" src=\"http:\/\/blogdorogeriogomes.com.br\/wp-content\/uploads\/2019\/08\/IMG_20190813_133108_012-300x194.jpg\" alt=\"IMG_20190813_133108_012\" width=\"300\" height=\"194\" srcset=\"https:\/\/blogdorogeriogomes.com.br\/noticias\/wp-content\/uploads\/2019\/08\/IMG_20190813_133108_012-300x194.jpg 300w, https:\/\/blogdorogeriogomes.com.br\/noticias\/wp-content\/uploads\/2019\/08\/IMG_20190813_133108_012.jpg 669w\" sizes=\"auto, (max-width: 300px) 100vw, 300px\" \/><\/p>\n<p>O Conselho Nacional do Minist\u00e9rio P\u00fablico (CNMP) rejeitou, nesta ter\u00e7a-feira, dia 13 de agosto, um recurso do procurador da Rep\u00fablica Deltan Dallagnol, coordenador da for\u00e7a-tarefa da Lava-Jato no Paran\u00e1, que solicitava o arquivamento de um processo administrativo disciplinar aberto contra ele. O procedimento foi aberto a pedido do presidente do Supremo Tribunal Federal (STF), Dias Toffoli.<br \/>\nA pedido de dois conselheiros do Conselho Nacional do Minist\u00e9rio P\u00fablico, um procedimento contra o procurador Deltan Dallagnol, levado ao \u00f3rg\u00e3o por causa das mensagens de Telegram publicadas pelo site The Intercept Brasil, foi desarquivado e voltar\u00e1 a tramitar.<br \/>\nNo \u00e2mbito do Minist\u00e9rio P\u00fablico Federal, o eventual afastamento de Deltan da Lava Jato s\u00f3 pode ocorrer por decis\u00f5es de dois colegiados, por maioria de votos. Um deles \u00e9 o Conselho Superior do Minist\u00e9rio P\u00fablico, em caso de membros indiciados ou acusados em processo disciplinar. O outro \u00e9 o pleno do CNMP, tamb\u00e9m em processo com direito ao contradit\u00f3rio.<\/p>\n","protected":false},"excerpt":{"rendered":"<p>O Conselho Nacional do Minist\u00e9rio P\u00fablico (CNMP) rejeitou, nesta ter\u00e7a-feira, dia 13 de agosto, um recurso do procurador da Rep\u00fablica Deltan Dallagnol, coordenador da for\u00e7a-tarefa da Lava-Jato no Paran\u00e1, que solicitava o arquivamento de um processo administrativo disciplinar aberto contra ele. O procedimento foi aberto a pedido do presidente do Supremo Tribunal Federal (STF), Dias Toffoli. A pedido de dois conselheiros do Conselho Nacional do Minist\u00e9rio P\u00fablico, um procedimento contra o procurador Deltan Dallagnol, levado ao \u00f3rg\u00e3o por causa&hellip;<\/p>\n","protected":false},"author":1,"featured_media":0,"comment_status":"open","ping_status":"open","sticky":false,"template":"","format":"standard","meta":{"footnotes":""},"categories":[1],"tags":[],"class_list":["post-13611","post","type-post","status-publish","format-standard","hentry","category-noticias"],"_links":{"self":[{"href":"https:\/\/blogdorogeriogomes.com.br\/noticias\/wp-json\/wp\/v2\/posts\/13611","targetHints":{"allow":["GET"]}}],"collection":[{"href":"https:\/\/blogdorogeriogomes.com.br\/noticias\/wp-json\/wp\/v2\/posts"}],"about":[{"href":"https:\/\/blogdorogeriogomes.com.br\/noticias\/wp-json\/wp\/v2\/types\/post"}],"author":[{"embeddable":true,"href":"https:\/\/blogdorogeriogomes.com.br\/noticias\/wp-json\/wp\/v2\/users\/1"}],"replies":[{"embeddable":true,"href":"https:\/\/blogdorogeriogomes.com.br\/noticias\/wp-json\/wp\/v2\/comments?post=13611"}],"version-history":[{"count":1,"href":"https:\/\/blogdorogeriogomes.com.br\/noticias\/wp-json\/wp\/v2\/posts\/13611\/revisions"}],"predecessor-version":[{"id":13613,"href":"https:\/\/blogdorogeriogomes.com.br\/noticias\/wp-json\/wp\/v2\/posts\/13611\/revisions\/13613"}],"wp:attachment":[{"href":"https:\/\/blogdorogeriogomes.com.br\/noticias\/wp-json\/wp\/v2\/media?parent=13611"}],"wp:term":[{"taxonomy":"category","embeddable":true,"href":"https:\/\/blogdorogeriogomes.com.br\/noticias\/wp-json\/wp\/v2\/categories?post=13611"},{"taxonomy":"post_tag","embeddable":true,"href":"https:\/\/blogdorogeriogomes.com.br\/noticias\/wp-json\/wp\/v2\/tags?post=13611"}],"curies":[{"name":"wp","href":"https:\/\/api.w.org\/{rel}","templated":true}]}}