{"id":13614,"date":"2019-08-13T19:06:50","date_gmt":"2019-08-13T19:06:50","guid":{"rendered":"http:\/\/blogdorogeriogomes.com.br\/?p=13614"},"modified":"2019-08-13T19:06:50","modified_gmt":"2019-08-13T19:06:50","slug":"assembleia-legislativa-do-ceara-vota-nesta-quarta-feira-reajuste-dos-professores-estaduais","status":"publish","type":"post","link":"https:\/\/blogdorogeriogomes.com.br\/noticias\/2019\/08\/assembleia-legislativa-do-ceara-vota-nesta-quarta-feira-reajuste-dos-professores-estaduais\/","title":{"rendered":"Assembleia Legislativa do Cear\u00e1 vota nesta quarta-feira reajuste dos professores estaduais"},"content":{"rendered":"<p><img loading=\"lazy\" decoding=\"async\" class=\"alignnone size-medium wp-image-13615\" src=\"http:\/\/blogdorogeriogomes.com.br\/wp-content\/uploads\/2019\/08\/IMG_20190813_160340_978-300x199.jpg\" alt=\"IMG_20190813_160340_978\" width=\"300\" height=\"199\" srcset=\"https:\/\/blogdorogeriogomes.com.br\/noticias\/wp-content\/uploads\/2019\/08\/IMG_20190813_160340_978-300x199.jpg 300w, https:\/\/blogdorogeriogomes.com.br\/noticias\/wp-content\/uploads\/2019\/08\/IMG_20190813_160340_978.jpg 534w\" sizes=\"auto, (max-width: 300px) 100vw, 300px\" \/><\/p>\n<p>A Assembleia Legislativa do Cear\u00e1 deve votar em plen\u00e1rio, nesta quarta-feira, dia 14 de agosto, o reajuste dos professores estaduais. Os deputados estaduais aprovaram a tramita\u00e7\u00e3o da mat\u00e9ria em regime de urg\u00eancia, a pedido do Governo do Estado.<br \/>\nA mensagem governamental autoriza um aumento de 4,17% aos professores da rede estadual, adequando os vencimentos \u00e0 Lei Nacional do Piso do Magist\u00e9rio.<br \/>\nO Sindicato Apeoc, que representa os professores estaduais, acompanha de perto a tramita\u00e7\u00e3o da mat\u00e9ria na Assembleia Legislativa do Cear\u00e1.<\/p>\n","protected":false},"excerpt":{"rendered":"<p>A Assembleia Legislativa do Cear\u00e1 deve votar em plen\u00e1rio, nesta quarta-feira, dia 14 de agosto, o reajuste dos professores estaduais. Os deputados estaduais aprovaram a tramita\u00e7\u00e3o da mat\u00e9ria em regime de urg\u00eancia, a pedido do Governo do Estado. A mensagem governamental autoriza um aumento de 4,17% aos professores da rede estadual, adequando os vencimentos \u00e0 Lei Nacional do Piso do Magist\u00e9rio. O Sindicato Apeoc, que representa os professores estaduais, acompanha de perto a tramita\u00e7\u00e3o da mat\u00e9ria na Assembleia Legislativa&hellip;<\/p>\n","protected":false},"author":1,"featured_media":0,"comment_status":"open","ping_status":"open","sticky":false,"template":"","format":"standard","meta":{"footnotes":""},"categories":[1],"tags":[],"class_list":["post-13614","post","type-post","status-publish","format-standard","hentry","category-noticias"],"_links":{"self":[{"href":"https:\/\/blogdorogeriogomes.com.br\/noticias\/wp-json\/wp\/v2\/posts\/13614","targetHints":{"allow":["GET"]}}],"collection":[{"href":"https:\/\/blogdorogeriogomes.com.br\/noticias\/wp-json\/wp\/v2\/posts"}],"about":[{"href":"https:\/\/blogdorogeriogomes.com.br\/noticias\/wp-json\/wp\/v2\/types\/post"}],"author":[{"embeddable":true,"href":"https:\/\/blogdorogeriogomes.com.br\/noticias\/wp-json\/wp\/v2\/users\/1"}],"replies":[{"embeddable":true,"href":"https:\/\/blogdorogeriogomes.com.br\/noticias\/wp-json\/wp\/v2\/comments?post=13614"}],"version-history":[{"count":1,"href":"https:\/\/blogdorogeriogomes.com.br\/noticias\/wp-json\/wp\/v2\/posts\/13614\/revisions"}],"predecessor-version":[{"id":13616,"href":"https:\/\/blogdorogeriogomes.com.br\/noticias\/wp-json\/wp\/v2\/posts\/13614\/revisions\/13616"}],"wp:attachment":[{"href":"https:\/\/blogdorogeriogomes.com.br\/noticias\/wp-json\/wp\/v2\/media?parent=13614"}],"wp:term":[{"taxonomy":"category","embeddable":true,"href":"https:\/\/blogdorogeriogomes.com.br\/noticias\/wp-json\/wp\/v2\/categories?post=13614"},{"taxonomy":"post_tag","embeddable":true,"href":"https:\/\/blogdorogeriogomes.com.br\/noticias\/wp-json\/wp\/v2\/tags?post=13614"}],"curies":[{"name":"wp","href":"https:\/\/api.w.org\/{rel}","templated":true}]}}