{"id":13617,"date":"2019-08-14T08:57:48","date_gmt":"2019-08-14T08:57:48","guid":{"rendered":"http:\/\/blogdorogeriogomes.com.br\/?p=13617"},"modified":"2019-08-14T08:57:48","modified_gmt":"2019-08-14T08:57:48","slug":"acao-penal-contra-o-deputado-cearense-anibal-gomes-e-liberada-para-julgamento-no-stf","status":"publish","type":"post","link":"https:\/\/blogdorogeriogomes.com.br\/noticias\/2019\/08\/acao-penal-contra-o-deputado-cearense-anibal-gomes-e-liberada-para-julgamento-no-stf\/","title":{"rendered":"A\u00e7\u00e3o penal contra o deputado cearense An\u00edbal Gomes \u00e9 liberada para julgamento no STF"},"content":{"rendered":"<p><img loading=\"lazy\" decoding=\"async\" class=\"alignnone size-medium wp-image-13618\" src=\"http:\/\/blogdorogeriogomes.com.br\/wp-content\/uploads\/2019\/08\/IMG_20190814_055234_890-300x236.jpg\" alt=\"IMG_20190814_055234_890\" width=\"300\" height=\"236\" srcset=\"https:\/\/blogdorogeriogomes.com.br\/noticias\/wp-content\/uploads\/2019\/08\/IMG_20190814_055234_890-300x236.jpg 300w, https:\/\/blogdorogeriogomes.com.br\/noticias\/wp-content\/uploads\/2019\/08\/IMG_20190814_055234_890.jpg 611w\" sizes=\"auto, (max-width: 300px) 100vw, 300px\" \/><\/p>\n<p>Sob acusa\u00e7\u00e3o de suposto favorecimento pol\u00edtico na Petrobras, o deputado federal cearense An\u00edbal Gomes (DEM) pode ser condenado no \u00e2mbito da Lava Jato, no Supremo Tribunal Federal (STF). O ministro Celso de Mello liberou para julgamento uma a\u00e7\u00e3o penal aberta contra o deputado cearense. Ainda n\u00e3o h\u00e1 data marcada para a Segunda Turma do STF julgar o caso.<br \/>\nAn\u00edbal Gomes se diz tranquilo e diz confiar na absolvi\u00e7\u00e3o. \u201cTenho a consci\u00eancia da minha inoc\u00eancia. Eu quero que julgue o mais r\u00e1pido poss\u00edvel\u201d, afirmou o deputado federal do DEM.<\/p>\n","protected":false},"excerpt":{"rendered":"<p>Sob acusa\u00e7\u00e3o de suposto favorecimento pol\u00edtico na Petrobras, o deputado federal cearense An\u00edbal Gomes (DEM) pode ser condenado no \u00e2mbito da Lava Jato, no Supremo Tribunal Federal (STF). O ministro Celso de Mello liberou para julgamento uma a\u00e7\u00e3o penal aberta contra o deputado cearense. Ainda n\u00e3o h\u00e1 data marcada para a Segunda Turma do STF julgar o caso. An\u00edbal Gomes se diz tranquilo e diz confiar na absolvi\u00e7\u00e3o. \u201cTenho a consci\u00eancia da minha inoc\u00eancia. Eu quero que julgue o&hellip;<\/p>\n","protected":false},"author":1,"featured_media":0,"comment_status":"open","ping_status":"open","sticky":false,"template":"","format":"standard","meta":{"footnotes":""},"categories":[1],"tags":[],"class_list":["post-13617","post","type-post","status-publish","format-standard","hentry","category-noticias"],"_links":{"self":[{"href":"https:\/\/blogdorogeriogomes.com.br\/noticias\/wp-json\/wp\/v2\/posts\/13617","targetHints":{"allow":["GET"]}}],"collection":[{"href":"https:\/\/blogdorogeriogomes.com.br\/noticias\/wp-json\/wp\/v2\/posts"}],"about":[{"href":"https:\/\/blogdorogeriogomes.com.br\/noticias\/wp-json\/wp\/v2\/types\/post"}],"author":[{"embeddable":true,"href":"https:\/\/blogdorogeriogomes.com.br\/noticias\/wp-json\/wp\/v2\/users\/1"}],"replies":[{"embeddable":true,"href":"https:\/\/blogdorogeriogomes.com.br\/noticias\/wp-json\/wp\/v2\/comments?post=13617"}],"version-history":[{"count":1,"href":"https:\/\/blogdorogeriogomes.com.br\/noticias\/wp-json\/wp\/v2\/posts\/13617\/revisions"}],"predecessor-version":[{"id":13619,"href":"https:\/\/blogdorogeriogomes.com.br\/noticias\/wp-json\/wp\/v2\/posts\/13617\/revisions\/13619"}],"wp:attachment":[{"href":"https:\/\/blogdorogeriogomes.com.br\/noticias\/wp-json\/wp\/v2\/media?parent=13617"}],"wp:term":[{"taxonomy":"category","embeddable":true,"href":"https:\/\/blogdorogeriogomes.com.br\/noticias\/wp-json\/wp\/v2\/categories?post=13617"},{"taxonomy":"post_tag","embeddable":true,"href":"https:\/\/blogdorogeriogomes.com.br\/noticias\/wp-json\/wp\/v2\/tags?post=13617"}],"curies":[{"name":"wp","href":"https:\/\/api.w.org\/{rel}","templated":true}]}}