{"id":13620,"date":"2019-08-14T09:14:22","date_gmt":"2019-08-14T09:14:22","guid":{"rendered":"http:\/\/blogdorogeriogomes.com.br\/?p=13620"},"modified":"2019-08-14T09:14:22","modified_gmt":"2019-08-14T09:14:22","slug":"prefeitura-de-fortaleza-busca-permissao-da-camara-para-vender-terrenos-do-municipio","status":"publish","type":"post","link":"https:\/\/blogdorogeriogomes.com.br\/noticias\/2019\/08\/prefeitura-de-fortaleza-busca-permissao-da-camara-para-vender-terrenos-do-municipio\/","title":{"rendered":"Prefeitura de Fortaleza busca permiss\u00e3o da C\u00e2mara para vender terrenos do Munic\u00edpio"},"content":{"rendered":"<p><img loading=\"lazy\" decoding=\"async\" class=\"alignnone size-medium wp-image-13621\" src=\"http:\/\/blogdorogeriogomes.com.br\/wp-content\/uploads\/2019\/08\/IMG_20190814_061116_416-300x182.jpg\" alt=\"IMG_20190814_061116_416\" width=\"300\" height=\"182\" srcset=\"https:\/\/blogdorogeriogomes.com.br\/noticias\/wp-content\/uploads\/2019\/08\/IMG_20190814_061116_416-300x182.jpg 300w, https:\/\/blogdorogeriogomes.com.br\/noticias\/wp-content\/uploads\/2019\/08\/IMG_20190814_061116_416.jpg 684w\" sizes=\"auto, (max-width: 300px) 100vw, 300px\" \/><\/p>\n<p>A Prefeitura de Fortaleza tenta criar o Fundo Municipal Imobili\u00e1rio, destinado a gerenciar a desafeta\u00e7\u00e3o e a venda de terrenos e im\u00f3veis pertencentes ao Munic\u00edpio. O Projeto de Lei do Executivo j\u00e1 foi encaminhado para an\u00e1lise dos vereadores na C\u00e2mara Municipal de Fortaleza.<br \/>\nNa pr\u00e1tica, o Fundo permite que a Prefeitura possa vender terrenos em \u00e1reas onde eles n\u00e3o t\u00eam utilidade e investir em im\u00f3veis em regi\u00f5es, onde o Executivo n\u00e3o disp\u00f5e de terrenos pr\u00f3prios para a constru\u00e7\u00e3o de novos equipamentos.<br \/>\nOs recursos da venda de propriedades do Munic\u00edpio seriam utilizados para a aquisi\u00e7\u00e3o de novos im\u00f3veis ou para a manuten\u00e7\u00e3o e a amplia\u00e7\u00e3o dos equipamentos da Prefeitura.<br \/>\nAs discuss\u00f5es sobre o projeto devem come\u00e7ar na pr\u00f3xima semana na C\u00e2mara Municipal, mas ainda n\u00e3o tem data para ir \u00e0 vota\u00e7\u00e3o em plen\u00e1rio.<\/p>\n","protected":false},"excerpt":{"rendered":"<p>A Prefeitura de Fortaleza tenta criar o Fundo Municipal Imobili\u00e1rio, destinado a gerenciar a desafeta\u00e7\u00e3o e a venda de terrenos e im\u00f3veis pertencentes ao Munic\u00edpio. O Projeto de Lei do Executivo j\u00e1 foi encaminhado para an\u00e1lise dos vereadores na C\u00e2mara Municipal de Fortaleza. Na pr\u00e1tica, o Fundo permite que a Prefeitura possa vender terrenos em \u00e1reas onde eles n\u00e3o t\u00eam utilidade e investir em im\u00f3veis em regi\u00f5es, onde o Executivo n\u00e3o disp\u00f5e de terrenos pr\u00f3prios para a constru\u00e7\u00e3o de&hellip;<\/p>\n","protected":false},"author":1,"featured_media":0,"comment_status":"open","ping_status":"open","sticky":false,"template":"","format":"standard","meta":{"footnotes":""},"categories":[1],"tags":[],"class_list":["post-13620","post","type-post","status-publish","format-standard","hentry","category-noticias"],"_links":{"self":[{"href":"https:\/\/blogdorogeriogomes.com.br\/noticias\/wp-json\/wp\/v2\/posts\/13620","targetHints":{"allow":["GET"]}}],"collection":[{"href":"https:\/\/blogdorogeriogomes.com.br\/noticias\/wp-json\/wp\/v2\/posts"}],"about":[{"href":"https:\/\/blogdorogeriogomes.com.br\/noticias\/wp-json\/wp\/v2\/types\/post"}],"author":[{"embeddable":true,"href":"https:\/\/blogdorogeriogomes.com.br\/noticias\/wp-json\/wp\/v2\/users\/1"}],"replies":[{"embeddable":true,"href":"https:\/\/blogdorogeriogomes.com.br\/noticias\/wp-json\/wp\/v2\/comments?post=13620"}],"version-history":[{"count":1,"href":"https:\/\/blogdorogeriogomes.com.br\/noticias\/wp-json\/wp\/v2\/posts\/13620\/revisions"}],"predecessor-version":[{"id":13622,"href":"https:\/\/blogdorogeriogomes.com.br\/noticias\/wp-json\/wp\/v2\/posts\/13620\/revisions\/13622"}],"wp:attachment":[{"href":"https:\/\/blogdorogeriogomes.com.br\/noticias\/wp-json\/wp\/v2\/media?parent=13620"}],"wp:term":[{"taxonomy":"category","embeddable":true,"href":"https:\/\/blogdorogeriogomes.com.br\/noticias\/wp-json\/wp\/v2\/categories?post=13620"},{"taxonomy":"post_tag","embeddable":true,"href":"https:\/\/blogdorogeriogomes.com.br\/noticias\/wp-json\/wp\/v2\/tags?post=13620"}],"curies":[{"name":"wp","href":"https:\/\/api.w.org\/{rel}","templated":true}]}}