{"id":13623,"date":"2019-08-14T14:32:12","date_gmt":"2019-08-14T14:32:12","guid":{"rendered":"http:\/\/blogdorogeriogomes.com.br\/?p=13623"},"modified":"2019-08-14T14:32:12","modified_gmt":"2019-08-14T14:32:12","slug":"al-monta-frente-parlamentar-para-incrementar-acoes-contra-a-depressao-e-o-suicidio","status":"publish","type":"post","link":"https:\/\/blogdorogeriogomes.com.br\/noticias\/2019\/08\/al-monta-frente-parlamentar-para-incrementar-acoes-contra-a-depressao-e-o-suicidio\/","title":{"rendered":"AL monta frente parlamentar para incrementar a\u00e7\u00f5es contra a depress\u00e3o e o suic\u00eddio"},"content":{"rendered":"<p><img loading=\"lazy\" decoding=\"async\" class=\"alignnone size-medium wp-image-13624\" src=\"http:\/\/blogdorogeriogomes.com.br\/wp-content\/uploads\/2019\/08\/IMG_20190814_112641_753-300x227.jpg\" alt=\"IMG_20190814_112641_753\" width=\"300\" height=\"227\" srcset=\"https:\/\/blogdorogeriogomes.com.br\/noticias\/wp-content\/uploads\/2019\/08\/IMG_20190814_112641_753-300x227.jpg 300w, https:\/\/blogdorogeriogomes.com.br\/noticias\/wp-content\/uploads\/2019\/08\/IMG_20190814_112641_753-768x582.jpg 768w, https:\/\/blogdorogeriogomes.com.br\/noticias\/wp-content\/uploads\/2019\/08\/IMG_20190814_112641_753-1024x776.jpg 1024w\" sizes=\"auto, (max-width: 300px) 100vw, 300px\" \/><\/p>\n<p>Nesta quarta-feira, dia 14 de agosto, a Assembleia Legislativa do Cear\u00e1 montou uma frente parlamentar para atuar no combate \u00e0 depress\u00e3o e ao suic\u00eddio. A\u00e7\u00f5es educativas ser\u00e3o desenvolvidas para o m\u00eas do Setembro Amarelo, com o objetivo de conscientizar a popula\u00e7\u00e3o para o debate sobre o tema.<br \/>\nDe acordo com a Secretaria de Sa\u00fade do Cear\u00e1, s\u00f3 em 2018 foram notificados 643 casos de suic\u00eddio no Cear\u00e1, muitas vezes, envolvendo pessoas ainda na adolesc\u00eancia. H\u00e1 situa\u00e7\u00f5es em que a ocorr\u00eancia n\u00e3o \u00e9 nem notificada como suic\u00eddio \u00e0s autoridades. O Dia Mundial de Preven\u00e7\u00e3o ao Suic\u00eddio transcorre no dia 10 de setembro.<\/p>\n","protected":false},"excerpt":{"rendered":"<p>Nesta quarta-feira, dia 14 de agosto, a Assembleia Legislativa do Cear\u00e1 montou uma frente parlamentar para atuar no combate \u00e0 depress\u00e3o e ao suic\u00eddio. A\u00e7\u00f5es educativas ser\u00e3o desenvolvidas para o m\u00eas do Setembro Amarelo, com o objetivo de conscientizar a popula\u00e7\u00e3o para o debate sobre o tema. De acordo com a Secretaria de Sa\u00fade do Cear\u00e1, s\u00f3 em 2018 foram notificados 643 casos de suic\u00eddio no Cear\u00e1, muitas vezes, envolvendo pessoas ainda na adolesc\u00eancia. H\u00e1 situa\u00e7\u00f5es em que a&hellip;<\/p>\n","protected":false},"author":1,"featured_media":0,"comment_status":"open","ping_status":"open","sticky":false,"template":"","format":"standard","meta":{"footnotes":""},"categories":[1],"tags":[],"class_list":["post-13623","post","type-post","status-publish","format-standard","hentry","category-noticias"],"_links":{"self":[{"href":"https:\/\/blogdorogeriogomes.com.br\/noticias\/wp-json\/wp\/v2\/posts\/13623","targetHints":{"allow":["GET"]}}],"collection":[{"href":"https:\/\/blogdorogeriogomes.com.br\/noticias\/wp-json\/wp\/v2\/posts"}],"about":[{"href":"https:\/\/blogdorogeriogomes.com.br\/noticias\/wp-json\/wp\/v2\/types\/post"}],"author":[{"embeddable":true,"href":"https:\/\/blogdorogeriogomes.com.br\/noticias\/wp-json\/wp\/v2\/users\/1"}],"replies":[{"embeddable":true,"href":"https:\/\/blogdorogeriogomes.com.br\/noticias\/wp-json\/wp\/v2\/comments?post=13623"}],"version-history":[{"count":1,"href":"https:\/\/blogdorogeriogomes.com.br\/noticias\/wp-json\/wp\/v2\/posts\/13623\/revisions"}],"predecessor-version":[{"id":13625,"href":"https:\/\/blogdorogeriogomes.com.br\/noticias\/wp-json\/wp\/v2\/posts\/13623\/revisions\/13625"}],"wp:attachment":[{"href":"https:\/\/blogdorogeriogomes.com.br\/noticias\/wp-json\/wp\/v2\/media?parent=13623"}],"wp:term":[{"taxonomy":"category","embeddable":true,"href":"https:\/\/blogdorogeriogomes.com.br\/noticias\/wp-json\/wp\/v2\/categories?post=13623"},{"taxonomy":"post_tag","embeddable":true,"href":"https:\/\/blogdorogeriogomes.com.br\/noticias\/wp-json\/wp\/v2\/tags?post=13623"}],"curies":[{"name":"wp","href":"https:\/\/api.w.org\/{rel}","templated":true}]}}