{"id":13626,"date":"2019-08-14T21:05:46","date_gmt":"2019-08-14T21:05:46","guid":{"rendered":"http:\/\/blogdorogeriogomes.com.br\/?p=13626"},"modified":"2019-08-14T21:05:46","modified_gmt":"2019-08-14T21:05:46","slug":"projeto-da-reforma-da-previdencia-da-os-primeiros-passos-no-senado-federal","status":"publish","type":"post","link":"https:\/\/blogdorogeriogomes.com.br\/noticias\/2019\/08\/projeto-da-reforma-da-previdencia-da-os-primeiros-passos-no-senado-federal\/","title":{"rendered":"Projeto da reforma da Previd\u00eancia d\u00e1 os primeiros passos no Senado Federal"},"content":{"rendered":"<p><img loading=\"lazy\" decoding=\"async\" class=\"alignnone size-medium wp-image-13627\" src=\"http:\/\/blogdorogeriogomes.com.br\/wp-content\/uploads\/2019\/08\/IMG_20190814_175954_553-300x213.jpg\" alt=\"IMG_20190814_175954_553\" width=\"300\" height=\"213\" srcset=\"https:\/\/blogdorogeriogomes.com.br\/noticias\/wp-content\/uploads\/2019\/08\/IMG_20190814_175954_553-300x213.jpg 300w, https:\/\/blogdorogeriogomes.com.br\/noticias\/wp-content\/uploads\/2019\/08\/IMG_20190814_175954_553.jpg 634w\" sizes=\"auto, (max-width: 300px) 100vw, 300px\" \/><\/p>\n<p>A reforma da Previd\u00eancia come\u00e7ou a dar os primeiros passos no Senado Federal, nesta quarta-feira, dia 14 de agosto. Na Comiss\u00e3o de Constitui\u00e7\u00e3o e Justi\u00e7a foram aprovados requerimentos de audi\u00eancias p\u00fablicas com especialistas e outras pessoas ligadas ao tema, que dever\u00e3o entre os dias 19 e 22 de agosto. Os requerimentos foram apresentados pelo relator da reforma no Senado, Tasso Jereissati (PSDB-CE), e por senadores de partidos como PT, PSB, Rede e PSL.<br \/>\nA leitura do parecer do senador Tasso Jereissati na CCJ est\u00e1 prevista para 28 de agosto e a vota\u00e7\u00e3o na comiss\u00e3o, se dar\u00e1 em 4 de setembro. No plen\u00e1rio, a vota\u00e7\u00e3o em primeiro turno est\u00e1 prevista para 18 de setembro e, em segundo turno, no dia 2 de outubro.<\/p>\n","protected":false},"excerpt":{"rendered":"<p>A reforma da Previd\u00eancia come\u00e7ou a dar os primeiros passos no Senado Federal, nesta quarta-feira, dia 14 de agosto. Na Comiss\u00e3o de Constitui\u00e7\u00e3o e Justi\u00e7a foram aprovados requerimentos de audi\u00eancias p\u00fablicas com especialistas e outras pessoas ligadas ao tema, que dever\u00e3o entre os dias 19 e 22 de agosto. Os requerimentos foram apresentados pelo relator da reforma no Senado, Tasso Jereissati (PSDB-CE), e por senadores de partidos como PT, PSB, Rede e PSL. A leitura do parecer do senador&hellip;<\/p>\n","protected":false},"author":1,"featured_media":0,"comment_status":"open","ping_status":"open","sticky":false,"template":"","format":"standard","meta":{"footnotes":""},"categories":[1],"tags":[],"class_list":["post-13626","post","type-post","status-publish","format-standard","hentry","category-noticias"],"_links":{"self":[{"href":"https:\/\/blogdorogeriogomes.com.br\/noticias\/wp-json\/wp\/v2\/posts\/13626","targetHints":{"allow":["GET"]}}],"collection":[{"href":"https:\/\/blogdorogeriogomes.com.br\/noticias\/wp-json\/wp\/v2\/posts"}],"about":[{"href":"https:\/\/blogdorogeriogomes.com.br\/noticias\/wp-json\/wp\/v2\/types\/post"}],"author":[{"embeddable":true,"href":"https:\/\/blogdorogeriogomes.com.br\/noticias\/wp-json\/wp\/v2\/users\/1"}],"replies":[{"embeddable":true,"href":"https:\/\/blogdorogeriogomes.com.br\/noticias\/wp-json\/wp\/v2\/comments?post=13626"}],"version-history":[{"count":1,"href":"https:\/\/blogdorogeriogomes.com.br\/noticias\/wp-json\/wp\/v2\/posts\/13626\/revisions"}],"predecessor-version":[{"id":13628,"href":"https:\/\/blogdorogeriogomes.com.br\/noticias\/wp-json\/wp\/v2\/posts\/13626\/revisions\/13628"}],"wp:attachment":[{"href":"https:\/\/blogdorogeriogomes.com.br\/noticias\/wp-json\/wp\/v2\/media?parent=13626"}],"wp:term":[{"taxonomy":"category","embeddable":true,"href":"https:\/\/blogdorogeriogomes.com.br\/noticias\/wp-json\/wp\/v2\/categories?post=13626"},{"taxonomy":"post_tag","embeddable":true,"href":"https:\/\/blogdorogeriogomes.com.br\/noticias\/wp-json\/wp\/v2\/tags?post=13626"}],"curies":[{"name":"wp","href":"https:\/\/api.w.org\/{rel}","templated":true}]}}