{"id":13629,"date":"2019-08-15T08:26:32","date_gmt":"2019-08-15T08:26:32","guid":{"rendered":"http:\/\/blogdorogeriogomes.com.br\/?p=13629"},"modified":"2019-08-15T08:26:32","modified_gmt":"2019-08-15T08:26:32","slug":"ufc-nao-vai-participar-do-programa-future-se-proposto-pelo-governo-federal","status":"publish","type":"post","link":"https:\/\/blogdorogeriogomes.com.br\/noticias\/2019\/08\/ufc-nao-vai-participar-do-programa-future-se-proposto-pelo-governo-federal\/","title":{"rendered":"UFC n\u00e3o vai participar do Programa Future-se proposto pelo Governo Federal"},"content":{"rendered":"<p><img loading=\"lazy\" decoding=\"async\" class=\"alignnone size-medium wp-image-13630\" src=\"http:\/\/blogdorogeriogomes.com.br\/wp-content\/uploads\/2019\/08\/IMG_20190815_052211_882-300x198.jpg\" alt=\"IMG_20190815_052211_882\" width=\"300\" height=\"198\" srcset=\"https:\/\/blogdorogeriogomes.com.br\/noticias\/wp-content\/uploads\/2019\/08\/IMG_20190815_052211_882-300x198.jpg 300w, https:\/\/blogdorogeriogomes.com.br\/noticias\/wp-content\/uploads\/2019\/08\/IMG_20190815_052211_882.jpg 675w\" sizes=\"auto, (max-width: 300px) 100vw, 300px\" \/><\/p>\n<p>A Universidade Federal do Cear\u00e1 (UFC) est\u00e1 fora do Programa Future-se, proposto pelo Minist\u00e9rio da Educa\u00e7\u00e3o. O Governo Federal deseja criar um fundo de recursos privados para o financiamento das universidades federais do Pa\u00eds. A decis\u00e3o foi tomada pelo Conselho Universit\u00e1rio da UFF, nesta quarta-feira, dia 14 de agosto.<br \/>\nO reitor Henry Campos, que j\u00e1 havia se manifestado contra o Future-se, leu a declara\u00e7\u00e3o dos reitores da institui\u00e7\u00f5es federais de ensino superior do Cear\u00e1, manifestando os motivos pelos quais a UFC, a Universidade Federal do Cariri e o Instituto Federal de Educa\u00e7\u00e3o, Ci\u00eancia e Tecnologia do Cear\u00e1 (IFCE) colocam-se contra o programa.<br \/>\n&#8220;O que se escancara, aos nossos olhos, \u00e9 que se encontra em marcha uma estrat\u00e9gia para reduzir a presen\u00e7a do Estado na garantia do direito \u00e0 educa\u00e7\u00e3o e, ao mesmo tempo, abrir \u00e0 financeiriza\u00e7\u00e3o do ensino p\u00fablico, transformando-se a educa\u00e7\u00e3o em mercadoria que tem o lucro\u201d, diz o manifesto.<br \/>\nEm tempo: o presidente Jair Bolsonaro deve definir nos pr\u00f3ximos dias o nome do novo reitor da UFC. A lista tr\u00edplice dos indicados pela comunidade universit\u00e1ria j\u00e1 est\u00e1 com Bolsonaro.<\/p>\n","protected":false},"excerpt":{"rendered":"<p>A Universidade Federal do Cear\u00e1 (UFC) est\u00e1 fora do Programa Future-se, proposto pelo Minist\u00e9rio da Educa\u00e7\u00e3o. O Governo Federal deseja criar um fundo de recursos privados para o financiamento das universidades federais do Pa\u00eds. A decis\u00e3o foi tomada pelo Conselho Universit\u00e1rio da UFF, nesta quarta-feira, dia 14 de agosto. O reitor Henry Campos, que j\u00e1 havia se manifestado contra o Future-se, leu a declara\u00e7\u00e3o dos reitores da institui\u00e7\u00f5es federais de ensino superior do Cear\u00e1, manifestando os motivos pelos quais&hellip;<\/p>\n","protected":false},"author":1,"featured_media":0,"comment_status":"open","ping_status":"open","sticky":false,"template":"","format":"standard","meta":{"footnotes":""},"categories":[1],"tags":[],"class_list":["post-13629","post","type-post","status-publish","format-standard","hentry","category-noticias"],"_links":{"self":[{"href":"https:\/\/blogdorogeriogomes.com.br\/noticias\/wp-json\/wp\/v2\/posts\/13629","targetHints":{"allow":["GET"]}}],"collection":[{"href":"https:\/\/blogdorogeriogomes.com.br\/noticias\/wp-json\/wp\/v2\/posts"}],"about":[{"href":"https:\/\/blogdorogeriogomes.com.br\/noticias\/wp-json\/wp\/v2\/types\/post"}],"author":[{"embeddable":true,"href":"https:\/\/blogdorogeriogomes.com.br\/noticias\/wp-json\/wp\/v2\/users\/1"}],"replies":[{"embeddable":true,"href":"https:\/\/blogdorogeriogomes.com.br\/noticias\/wp-json\/wp\/v2\/comments?post=13629"}],"version-history":[{"count":1,"href":"https:\/\/blogdorogeriogomes.com.br\/noticias\/wp-json\/wp\/v2\/posts\/13629\/revisions"}],"predecessor-version":[{"id":13631,"href":"https:\/\/blogdorogeriogomes.com.br\/noticias\/wp-json\/wp\/v2\/posts\/13629\/revisions\/13631"}],"wp:attachment":[{"href":"https:\/\/blogdorogeriogomes.com.br\/noticias\/wp-json\/wp\/v2\/media?parent=13629"}],"wp:term":[{"taxonomy":"category","embeddable":true,"href":"https:\/\/blogdorogeriogomes.com.br\/noticias\/wp-json\/wp\/v2\/categories?post=13629"},{"taxonomy":"post_tag","embeddable":true,"href":"https:\/\/blogdorogeriogomes.com.br\/noticias\/wp-json\/wp\/v2\/tags?post=13629"}],"curies":[{"name":"wp","href":"https:\/\/api.w.org\/{rel}","templated":true}]}}