{"id":13636,"date":"2019-08-15T14:27:23","date_gmt":"2019-08-15T14:27:23","guid":{"rendered":"http:\/\/blogdorogeriogomes.com.br\/?p=13636"},"modified":"2019-08-15T14:27:23","modified_gmt":"2019-08-15T14:27:23","slug":"acao-do-ministerio-publico-de-combate-a-faccoes-criminosas-prende-25-pessoas-no-ceara","status":"publish","type":"post","link":"https:\/\/blogdorogeriogomes.com.br\/noticias\/2019\/08\/acao-do-ministerio-publico-de-combate-a-faccoes-criminosas-prende-25-pessoas-no-ceara\/","title":{"rendered":"A\u00e7\u00e3o do Minist\u00e9rio P\u00fablico de combate a fac\u00e7\u00f5es criminosas prende 25 pessoas no Cear\u00e1"},"content":{"rendered":"<p><img loading=\"lazy\" decoding=\"async\" class=\"alignnone size-medium wp-image-13637\" src=\"http:\/\/blogdorogeriogomes.com.br\/wp-content\/uploads\/2019\/08\/IMG_20190815_112323_707-300x245.jpg\" alt=\"IMG_20190815_112323_707\" width=\"300\" height=\"245\" srcset=\"https:\/\/blogdorogeriogomes.com.br\/noticias\/wp-content\/uploads\/2019\/08\/IMG_20190815_112323_707-300x245.jpg 300w, https:\/\/blogdorogeriogomes.com.br\/noticias\/wp-content\/uploads\/2019\/08\/IMG_20190815_112323_707-768x627.jpg 768w, https:\/\/blogdorogeriogomes.com.br\/noticias\/wp-content\/uploads\/2019\/08\/IMG_20190815_112323_707-1024x836.jpg 1024w, https:\/\/blogdorogeriogomes.com.br\/noticias\/wp-content\/uploads\/2019\/08\/IMG_20190815_112323_707.jpg 1176w\" sizes=\"auto, (max-width: 300px) 100vw, 300px\" \/><\/p>\n<p>O Minist\u00e9rio P\u00fablico do Cear\u00e1, por meio do Grupo de Atua\u00e7\u00e3o Especial de Combate \u00e0s Organiza\u00e7\u00f5es Criminosas, o GAECO, participou nesta quinta-feira, dia 15 de agosto, de uma opera\u00e7\u00e3o nacional contra fac\u00e7\u00f5es criminosas. Foram cumpridos mais de 300 mandados de pris\u00e3o em nove estados.<br \/>\nNo Cear\u00e1, as opera\u00e7\u00f5es foram chamadas de \u201cJERIC\u00d3\u201d e \u201cAL QAEDA\u201d com o cumprimento de 35 mandados de pris\u00e3o e 29 de busca e apreens\u00e3o nas cidades de Fortaleza, Independ\u00eancia, Sobral, Juazeiro do Norte, Groa\u00edras, Aquiraz, Maracana\u00fa e Pacatuba.<br \/>\nA a\u00e7\u00e3o conta com o apoio da Secretaria da Seguran\u00e7a P\u00fablica e Defesa Social. Vinte e cinco pessoas j\u00e1 est\u00e3o presas, sendo que 10 foram detidas na opera\u00e7\u00e3o desencadeada pela Pol\u00edcia e Minist\u00e9rio P\u00fablico nesta quinta-feira.<br \/>\nOs investigados praticaram uma s\u00e9rie de crimes, principalmente, tr\u00e1fico de drogas, associa\u00e7\u00e3o para o tr\u00e1fico, com\u00e9rcio irregular de arma de fogo e o planejamento de homic\u00eddios e ataques a agentes e a equipamentos p\u00fablicos, tanto na capital quanto no interior do Estado.<\/p>\n","protected":false},"excerpt":{"rendered":"<p>O Minist\u00e9rio P\u00fablico do Cear\u00e1, por meio do Grupo de Atua\u00e7\u00e3o Especial de Combate \u00e0s Organiza\u00e7\u00f5es Criminosas, o GAECO, participou nesta quinta-feira, dia 15 de agosto, de uma opera\u00e7\u00e3o nacional contra fac\u00e7\u00f5es criminosas. Foram cumpridos mais de 300 mandados de pris\u00e3o em nove estados. No Cear\u00e1, as opera\u00e7\u00f5es foram chamadas de \u201cJERIC\u00d3\u201d e \u201cAL QAEDA\u201d com o cumprimento de 35 mandados de pris\u00e3o e 29 de busca e apreens\u00e3o nas cidades de Fortaleza, Independ\u00eancia, Sobral, Juazeiro do Norte, Groa\u00edras,&hellip;<\/p>\n","protected":false},"author":1,"featured_media":0,"comment_status":"open","ping_status":"open","sticky":false,"template":"","format":"standard","meta":{"footnotes":""},"categories":[1],"tags":[],"class_list":["post-13636","post","type-post","status-publish","format-standard","hentry","category-noticias"],"_links":{"self":[{"href":"https:\/\/blogdorogeriogomes.com.br\/noticias\/wp-json\/wp\/v2\/posts\/13636","targetHints":{"allow":["GET"]}}],"collection":[{"href":"https:\/\/blogdorogeriogomes.com.br\/noticias\/wp-json\/wp\/v2\/posts"}],"about":[{"href":"https:\/\/blogdorogeriogomes.com.br\/noticias\/wp-json\/wp\/v2\/types\/post"}],"author":[{"embeddable":true,"href":"https:\/\/blogdorogeriogomes.com.br\/noticias\/wp-json\/wp\/v2\/users\/1"}],"replies":[{"embeddable":true,"href":"https:\/\/blogdorogeriogomes.com.br\/noticias\/wp-json\/wp\/v2\/comments?post=13636"}],"version-history":[{"count":1,"href":"https:\/\/blogdorogeriogomes.com.br\/noticias\/wp-json\/wp\/v2\/posts\/13636\/revisions"}],"predecessor-version":[{"id":13638,"href":"https:\/\/blogdorogeriogomes.com.br\/noticias\/wp-json\/wp\/v2\/posts\/13636\/revisions\/13638"}],"wp:attachment":[{"href":"https:\/\/blogdorogeriogomes.com.br\/noticias\/wp-json\/wp\/v2\/media?parent=13636"}],"wp:term":[{"taxonomy":"category","embeddable":true,"href":"https:\/\/blogdorogeriogomes.com.br\/noticias\/wp-json\/wp\/v2\/categories?post=13636"},{"taxonomy":"post_tag","embeddable":true,"href":"https:\/\/blogdorogeriogomes.com.br\/noticias\/wp-json\/wp\/v2\/tags?post=13636"}],"curies":[{"name":"wp","href":"https:\/\/api.w.org\/{rel}","templated":true}]}}