{"id":13639,"date":"2019-08-15T20:29:10","date_gmt":"2019-08-15T20:29:10","guid":{"rendered":"http:\/\/blogdorogeriogomes.com.br\/?p=13639"},"modified":"2019-08-15T20:29:10","modified_gmt":"2019-08-15T20:29:10","slug":"depois-da-alemanha-noruega-tambem-bloqueia-recursos-para-preservacao-da-amazonia","status":"publish","type":"post","link":"https:\/\/blogdorogeriogomes.com.br\/noticias\/2019\/08\/depois-da-alemanha-noruega-tambem-bloqueia-recursos-para-preservacao-da-amazonia\/","title":{"rendered":"Depois da Alemanha, Noruega tamb\u00e9m bloqueia recursos para preserva\u00e7\u00e3o da Amaz\u00f4nia"},"content":{"rendered":"<p><img loading=\"lazy\" decoding=\"async\" class=\"alignnone size-medium wp-image-13640\" src=\"http:\/\/blogdorogeriogomes.com.br\/wp-content\/uploads\/2019\/08\/IMG_20190815_172223_702-300x239.jpg\" alt=\"IMG_20190815_172223_702\" width=\"300\" height=\"239\" srcset=\"https:\/\/blogdorogeriogomes.com.br\/noticias\/wp-content\/uploads\/2019\/08\/IMG_20190815_172223_702-300x239.jpg 300w, https:\/\/blogdorogeriogomes.com.br\/noticias\/wp-content\/uploads\/2019\/08\/IMG_20190815_172223_702-768x611.jpg 768w, https:\/\/blogdorogeriogomes.com.br\/noticias\/wp-content\/uploads\/2019\/08\/IMG_20190815_172223_702-1024x815.jpg 1024w, https:\/\/blogdorogeriogomes.com.br\/noticias\/wp-content\/uploads\/2019\/08\/IMG_20190815_172223_702.jpg 1628w\" sizes=\"auto, (max-width: 300px) 100vw, 300px\" \/><\/p>\n<p>A pol\u00edtica ambiental do Governo Bolsonaro provoca mais uma baixa. Depois da Alemanha bloquear recursos para a preserva\u00e7\u00e3o da Amaz\u00f4nia, por causa dos altos \u00edndices de desmatamento, agora foi a vez da Noruega.<br \/>\nO ministro do Clima e Meio Ambiente da Noruega, Ola Elvestuen, anunciou, nesta quinta-feira, dia 15 de agosto, o congelamento de novos repasses ao Fundo Amaz\u00f4nia, reserva de capital estrangeiro gerida pelo BNDES e destinada a a\u00e7\u00f5es de preserva\u00e7\u00e3o ambiental e combate ao desmatamento. O valor bloqueado \u00e9 de 300 milh\u00f5es de coroas norueguesas, o equivalente a R$ 134 milh\u00f5es.<br \/>\nA Noruega \u00e9 o principal doador do fundo (R$ 3,2 bilh\u00f5es), seguida pela Alemanha (R$ 200 milh\u00f5es), que tamb\u00e9m j\u00e1 havia congelado novas doa\u00e7\u00f5es pelas mesmas raz\u00f5es. Questionado sobre esse fato, o presidente Jair Bolsonaro afirmou que a chanceler alem\u00e3, Angela Merkel, deveria pegar o dinheiro e reflorestar o seu pa\u00eds.<br \/>\nQuem fala assim, deve estar com \u201cmuito dinheiro em caixa\u201d.<\/p>\n","protected":false},"excerpt":{"rendered":"<p>A pol\u00edtica ambiental do Governo Bolsonaro provoca mais uma baixa. Depois da Alemanha bloquear recursos para a preserva\u00e7\u00e3o da Amaz\u00f4nia, por causa dos altos \u00edndices de desmatamento, agora foi a vez da Noruega. O ministro do Clima e Meio Ambiente da Noruega, Ola Elvestuen, anunciou, nesta quinta-feira, dia 15 de agosto, o congelamento de novos repasses ao Fundo Amaz\u00f4nia, reserva de capital estrangeiro gerida pelo BNDES e destinada a a\u00e7\u00f5es de preserva\u00e7\u00e3o ambiental e combate ao desmatamento. O valor&hellip;<\/p>\n","protected":false},"author":1,"featured_media":0,"comment_status":"open","ping_status":"open","sticky":false,"template":"","format":"standard","meta":{"footnotes":""},"categories":[1],"tags":[],"class_list":["post-13639","post","type-post","status-publish","format-standard","hentry","category-noticias"],"_links":{"self":[{"href":"https:\/\/blogdorogeriogomes.com.br\/noticias\/wp-json\/wp\/v2\/posts\/13639","targetHints":{"allow":["GET"]}}],"collection":[{"href":"https:\/\/blogdorogeriogomes.com.br\/noticias\/wp-json\/wp\/v2\/posts"}],"about":[{"href":"https:\/\/blogdorogeriogomes.com.br\/noticias\/wp-json\/wp\/v2\/types\/post"}],"author":[{"embeddable":true,"href":"https:\/\/blogdorogeriogomes.com.br\/noticias\/wp-json\/wp\/v2\/users\/1"}],"replies":[{"embeddable":true,"href":"https:\/\/blogdorogeriogomes.com.br\/noticias\/wp-json\/wp\/v2\/comments?post=13639"}],"version-history":[{"count":1,"href":"https:\/\/blogdorogeriogomes.com.br\/noticias\/wp-json\/wp\/v2\/posts\/13639\/revisions"}],"predecessor-version":[{"id":13641,"href":"https:\/\/blogdorogeriogomes.com.br\/noticias\/wp-json\/wp\/v2\/posts\/13639\/revisions\/13641"}],"wp:attachment":[{"href":"https:\/\/blogdorogeriogomes.com.br\/noticias\/wp-json\/wp\/v2\/media?parent=13639"}],"wp:term":[{"taxonomy":"category","embeddable":true,"href":"https:\/\/blogdorogeriogomes.com.br\/noticias\/wp-json\/wp\/v2\/categories?post=13639"},{"taxonomy":"post_tag","embeddable":true,"href":"https:\/\/blogdorogeriogomes.com.br\/noticias\/wp-json\/wp\/v2\/tags?post=13639"}],"curies":[{"name":"wp","href":"https:\/\/api.w.org\/{rel}","templated":true}]}}