{"id":13642,"date":"2019-08-16T09:01:25","date_gmt":"2019-08-16T09:01:25","guid":{"rendered":"http:\/\/blogdorogeriogomes.com.br\/?p=13642"},"modified":"2019-08-16T09:01:25","modified_gmt":"2019-08-16T09:01:25","slug":"projeto-sobre-abuso-de-autoridade-pode-sofrer-vetos-do-presidente-jair-bolsonaro","status":"publish","type":"post","link":"https:\/\/blogdorogeriogomes.com.br\/noticias\/2019\/08\/projeto-sobre-abuso-de-autoridade-pode-sofrer-vetos-do-presidente-jair-bolsonaro\/","title":{"rendered":"Projeto sobre abuso de autoridade pode sofrer vetos do presidente Jair Bolsonaro"},"content":{"rendered":"<p><img loading=\"lazy\" decoding=\"async\" class=\"alignnone size-medium wp-image-13643\" src=\"http:\/\/blogdorogeriogomes.com.br\/wp-content\/uploads\/2019\/08\/IMG_20190816_055739_000-300x249.jpg\" alt=\"IMG_20190816_055739_000\" width=\"300\" height=\"249\" srcset=\"https:\/\/blogdorogeriogomes.com.br\/noticias\/wp-content\/uploads\/2019\/08\/IMG_20190816_055739_000-300x249.jpg 300w, https:\/\/blogdorogeriogomes.com.br\/noticias\/wp-content\/uploads\/2019\/08\/IMG_20190816_055739_000.jpg 479w\" sizes=\"auto, (max-width: 300px) 100vw, 300px\" \/><\/p>\n<p>O projeto sobre abuso de autoridade, aprovado na quarta-feira, dia 14 de agosto, pela C\u00e2mara dos Deputados, ainda depende da san\u00e7\u00e3o do presidente Jair Bolsonaro. H\u00e1 forte press\u00e3o para que Bolsonaro vete alguns pontos do projeto, que visa impedir excessos na a\u00e7\u00e3o do Judici\u00e1rio nos processos de investiga\u00e7\u00e3o.<br \/>\nEntre os pontos mais pol\u00eamicos que podem ser revistos pelo Presidente est\u00e3o a deten\u00e7\u00e3o de magistrados que determinarem pris\u00e3o preventiva sem amparo legal e a classifica\u00e7\u00e3o da abertura de investiga\u00e7\u00e3o sem ind\u00edcios de crime como abuso de autoridade.<br \/>\nA press\u00e3o para o veto presidencial parte, principalmente, de associa\u00e7\u00f5es de magistrados e procuradores do Minist\u00e9rio P\u00fablico.<\/p>\n","protected":false},"excerpt":{"rendered":"<p>O projeto sobre abuso de autoridade, aprovado na quarta-feira, dia 14 de agosto, pela C\u00e2mara dos Deputados, ainda depende da san\u00e7\u00e3o do presidente Jair Bolsonaro. H\u00e1 forte press\u00e3o para que Bolsonaro vete alguns pontos do projeto, que visa impedir excessos na a\u00e7\u00e3o do Judici\u00e1rio nos processos de investiga\u00e7\u00e3o. Entre os pontos mais pol\u00eamicos que podem ser revistos pelo Presidente est\u00e3o a deten\u00e7\u00e3o de magistrados que determinarem pris\u00e3o preventiva sem amparo legal e a classifica\u00e7\u00e3o da abertura de investiga\u00e7\u00e3o sem&hellip;<\/p>\n","protected":false},"author":1,"featured_media":0,"comment_status":"open","ping_status":"open","sticky":false,"template":"","format":"standard","meta":{"footnotes":""},"categories":[1],"tags":[],"class_list":["post-13642","post","type-post","status-publish","format-standard","hentry","category-noticias"],"_links":{"self":[{"href":"https:\/\/blogdorogeriogomes.com.br\/noticias\/wp-json\/wp\/v2\/posts\/13642","targetHints":{"allow":["GET"]}}],"collection":[{"href":"https:\/\/blogdorogeriogomes.com.br\/noticias\/wp-json\/wp\/v2\/posts"}],"about":[{"href":"https:\/\/blogdorogeriogomes.com.br\/noticias\/wp-json\/wp\/v2\/types\/post"}],"author":[{"embeddable":true,"href":"https:\/\/blogdorogeriogomes.com.br\/noticias\/wp-json\/wp\/v2\/users\/1"}],"replies":[{"embeddable":true,"href":"https:\/\/blogdorogeriogomes.com.br\/noticias\/wp-json\/wp\/v2\/comments?post=13642"}],"version-history":[{"count":1,"href":"https:\/\/blogdorogeriogomes.com.br\/noticias\/wp-json\/wp\/v2\/posts\/13642\/revisions"}],"predecessor-version":[{"id":13644,"href":"https:\/\/blogdorogeriogomes.com.br\/noticias\/wp-json\/wp\/v2\/posts\/13642\/revisions\/13644"}],"wp:attachment":[{"href":"https:\/\/blogdorogeriogomes.com.br\/noticias\/wp-json\/wp\/v2\/media?parent=13642"}],"wp:term":[{"taxonomy":"category","embeddable":true,"href":"https:\/\/blogdorogeriogomes.com.br\/noticias\/wp-json\/wp\/v2\/categories?post=13642"},{"taxonomy":"post_tag","embeddable":true,"href":"https:\/\/blogdorogeriogomes.com.br\/noticias\/wp-json\/wp\/v2\/tags?post=13642"}],"curies":[{"name":"wp","href":"https:\/\/api.w.org\/{rel}","templated":true}]}}