{"id":13645,"date":"2019-08-16T09:13:54","date_gmt":"2019-08-16T09:13:54","guid":{"rendered":"http:\/\/blogdorogeriogomes.com.br\/?p=13645"},"modified":"2019-08-16T09:13:54","modified_gmt":"2019-08-16T09:13:54","slug":"prefeito-roberto-claudio-reune-secretariado-municipal-para-avaliar-projetos-para-a-capital","status":"publish","type":"post","link":"https:\/\/blogdorogeriogomes.com.br\/noticias\/2019\/08\/prefeito-roberto-claudio-reune-secretariado-municipal-para-avaliar-projetos-para-a-capital\/","title":{"rendered":"Prefeito Roberto Cl\u00e1udio re\u00fane secretariado municipal para avaliar projetos para a Capital"},"content":{"rendered":"<p><img loading=\"lazy\" decoding=\"async\" class=\"alignnone size-medium wp-image-13646\" src=\"http:\/\/blogdorogeriogomes.com.br\/wp-content\/uploads\/2019\/08\/IMG_20190816_061034_608-300x203.jpg\" alt=\"IMG_20190816_061034_608\" width=\"300\" height=\"203\" srcset=\"https:\/\/blogdorogeriogomes.com.br\/noticias\/wp-content\/uploads\/2019\/08\/IMG_20190816_061034_608-300x203.jpg 300w, https:\/\/blogdorogeriogomes.com.br\/noticias\/wp-content\/uploads\/2019\/08\/IMG_20190816_061034_608-768x520.jpg 768w, https:\/\/blogdorogeriogomes.com.br\/noticias\/wp-content\/uploads\/2019\/08\/IMG_20190816_061034_608-1024x693.jpg 1024w, https:\/\/blogdorogeriogomes.com.br\/noticias\/wp-content\/uploads\/2019\/08\/IMG_20190816_061034_608.jpg 1374w\" sizes=\"auto, (max-width: 300px) 100vw, 300px\" \/><\/p>\n<p>Com recursos em caixa ap\u00f3s a libera\u00e7\u00e3o de v\u00e1rios financiamentos internacionais, o prefeito de Fortaleza, Roberto Cl\u00e1udio, cobra do secretariado o cumprimento de prazos na agenda de melhorias para a Capital. O prefeito vai se reunir, nesta sexta-feira, dia 16 de agosto, e s\u00e1bado, dia 17, com todo o secretariado da Prefeitura de Fortaleza. A reuni\u00e3o ocorrer\u00e1 no Teatro S\u00e3o Jos\u00e9, no Centro.<br \/>\nEste \u00e9 o terceiro encontro do ano com representantes das pastas para avalia\u00e7\u00e3o da gest\u00e3o e acompanhamento de planos e prioridades para 2019 e 2020. Roberto Cl\u00e1udio, que n\u00e3o pode ser mais candidato em 2020 por j\u00e1 ser reeleito, declarou que deseja entregar a maior parte dos projetos em execu\u00e7\u00e3o at\u00e9 o fim do pr\u00f3ximo ano, quando termina o seu mandato.<\/p>\n","protected":false},"excerpt":{"rendered":"<p>Com recursos em caixa ap\u00f3s a libera\u00e7\u00e3o de v\u00e1rios financiamentos internacionais, o prefeito de Fortaleza, Roberto Cl\u00e1udio, cobra do secretariado o cumprimento de prazos na agenda de melhorias para a Capital. O prefeito vai se reunir, nesta sexta-feira, dia 16 de agosto, e s\u00e1bado, dia 17, com todo o secretariado da Prefeitura de Fortaleza. A reuni\u00e3o ocorrer\u00e1 no Teatro S\u00e3o Jos\u00e9, no Centro. Este \u00e9 o terceiro encontro do ano com representantes das pastas para avalia\u00e7\u00e3o da gest\u00e3o e&hellip;<\/p>\n","protected":false},"author":1,"featured_media":0,"comment_status":"open","ping_status":"open","sticky":false,"template":"","format":"standard","meta":{"footnotes":""},"categories":[1],"tags":[],"class_list":["post-13645","post","type-post","status-publish","format-standard","hentry","category-noticias"],"_links":{"self":[{"href":"https:\/\/blogdorogeriogomes.com.br\/noticias\/wp-json\/wp\/v2\/posts\/13645","targetHints":{"allow":["GET"]}}],"collection":[{"href":"https:\/\/blogdorogeriogomes.com.br\/noticias\/wp-json\/wp\/v2\/posts"}],"about":[{"href":"https:\/\/blogdorogeriogomes.com.br\/noticias\/wp-json\/wp\/v2\/types\/post"}],"author":[{"embeddable":true,"href":"https:\/\/blogdorogeriogomes.com.br\/noticias\/wp-json\/wp\/v2\/users\/1"}],"replies":[{"embeddable":true,"href":"https:\/\/blogdorogeriogomes.com.br\/noticias\/wp-json\/wp\/v2\/comments?post=13645"}],"version-history":[{"count":1,"href":"https:\/\/blogdorogeriogomes.com.br\/noticias\/wp-json\/wp\/v2\/posts\/13645\/revisions"}],"predecessor-version":[{"id":13647,"href":"https:\/\/blogdorogeriogomes.com.br\/noticias\/wp-json\/wp\/v2\/posts\/13645\/revisions\/13647"}],"wp:attachment":[{"href":"https:\/\/blogdorogeriogomes.com.br\/noticias\/wp-json\/wp\/v2\/media?parent=13645"}],"wp:term":[{"taxonomy":"category","embeddable":true,"href":"https:\/\/blogdorogeriogomes.com.br\/noticias\/wp-json\/wp\/v2\/categories?post=13645"},{"taxonomy":"post_tag","embeddable":true,"href":"https:\/\/blogdorogeriogomes.com.br\/noticias\/wp-json\/wp\/v2\/tags?post=13645"}],"curies":[{"name":"wp","href":"https:\/\/api.w.org\/{rel}","templated":true}]}}