{"id":13648,"date":"2019-08-16T19:45:27","date_gmt":"2019-08-16T19:45:27","guid":{"rendered":"http:\/\/blogdorogeriogomes.com.br\/?p=13648"},"modified":"2019-08-16T19:45:27","modified_gmt":"2019-08-16T19:45:27","slug":"novas-unidades-do-raio-serao-implantadas-em-municipios-com-menos-de-30-mil-habitantes-no-interior-do-ceara","status":"publish","type":"post","link":"https:\/\/blogdorogeriogomes.com.br\/noticias\/2019\/08\/novas-unidades-do-raio-serao-implantadas-em-municipios-com-menos-de-30-mil-habitantes-no-interior-do-ceara\/","title":{"rendered":"Novas unidades do Raio ser\u00e3o implantadas em munic\u00edpios com menos de 30 mil habitantes no interior do Cear\u00e1"},"content":{"rendered":"<p><img loading=\"lazy\" decoding=\"async\" class=\"alignnone size-medium wp-image-13649\" src=\"http:\/\/blogdorogeriogomes.com.br\/wp-content\/uploads\/2019\/08\/IMG_20190816_164216_957-300x200.jpg\" alt=\"IMG_20190816_164216_957\" width=\"300\" height=\"200\" srcset=\"https:\/\/blogdorogeriogomes.com.br\/noticias\/wp-content\/uploads\/2019\/08\/IMG_20190816_164216_957-300x200.jpg 300w, https:\/\/blogdorogeriogomes.com.br\/noticias\/wp-content\/uploads\/2019\/08\/IMG_20190816_164216_957-768x512.jpg 768w, https:\/\/blogdorogeriogomes.com.br\/noticias\/wp-content\/uploads\/2019\/08\/IMG_20190816_164216_957-1024x683.jpg 1024w, https:\/\/blogdorogeriogomes.com.br\/noticias\/wp-content\/uploads\/2019\/08\/IMG_20190816_164216_957.jpg 1200w\" sizes=\"auto, (max-width: 300px) 100vw, 300px\" \/><\/p>\n<p>Tr\u00eas munic\u00edpios do interior do Cear\u00e1 v\u00e3o receber ainda este ano o refor\u00e7o do Comando de Policiamento de Rondas e A\u00e7\u00f5es Intensivas e Ostensivas (CPRaio). S\u00e3o eles: Itarema, Paracuru e Mauriti. Atualmente, 44 cidades cearenses, acima de 50 mil habitantes, j\u00e1 receberam batalh\u00f5es do Raio.<br \/>\nO governador do Cear\u00e1, Camilo Santana, confirmou, nesta sexta-feira, dia 16 de agosto, que o programa tamb\u00e9m ser\u00e1 estendido para munic\u00edpios com menos de 30 mil habitantes.<br \/>\nNa pr\u00f3xima fase de implementa\u00e7\u00e3o, que come\u00e7ar\u00e1 em 2020, outras 18 cidades ser\u00e3o contempladas com a chegada dos homens do Raio. S\u00e3o elas: Amontada, Bela Cruz, Guaraciaba do Norte, Ipu, Ipueiras, Itaitinga, Jaguaribe, Jaguaruana, Massap\u00ea, Miss\u00e3o Velha, Nova Russas, Paraipaba, Pedra Branca, Pentecoste, Santana do Acara\u00fa, Tabuleiro do Norte, Ubajara e V\u00e1rzea Alegre.<\/p>\n","protected":false},"excerpt":{"rendered":"<p>Tr\u00eas munic\u00edpios do interior do Cear\u00e1 v\u00e3o receber ainda este ano o refor\u00e7o do Comando de Policiamento de Rondas e A\u00e7\u00f5es Intensivas e Ostensivas (CPRaio). S\u00e3o eles: Itarema, Paracuru e Mauriti. Atualmente, 44 cidades cearenses, acima de 50 mil habitantes, j\u00e1 receberam batalh\u00f5es do Raio. O governador do Cear\u00e1, Camilo Santana, confirmou, nesta sexta-feira, dia 16 de agosto, que o programa tamb\u00e9m ser\u00e1 estendido para munic\u00edpios com menos de 30 mil habitantes. Na pr\u00f3xima fase de implementa\u00e7\u00e3o, que come\u00e7ar\u00e1&hellip;<\/p>\n","protected":false},"author":1,"featured_media":0,"comment_status":"open","ping_status":"open","sticky":false,"template":"","format":"standard","meta":{"footnotes":""},"categories":[1],"tags":[],"class_list":["post-13648","post","type-post","status-publish","format-standard","hentry","category-noticias"],"_links":{"self":[{"href":"https:\/\/blogdorogeriogomes.com.br\/noticias\/wp-json\/wp\/v2\/posts\/13648","targetHints":{"allow":["GET"]}}],"collection":[{"href":"https:\/\/blogdorogeriogomes.com.br\/noticias\/wp-json\/wp\/v2\/posts"}],"about":[{"href":"https:\/\/blogdorogeriogomes.com.br\/noticias\/wp-json\/wp\/v2\/types\/post"}],"author":[{"embeddable":true,"href":"https:\/\/blogdorogeriogomes.com.br\/noticias\/wp-json\/wp\/v2\/users\/1"}],"replies":[{"embeddable":true,"href":"https:\/\/blogdorogeriogomes.com.br\/noticias\/wp-json\/wp\/v2\/comments?post=13648"}],"version-history":[{"count":1,"href":"https:\/\/blogdorogeriogomes.com.br\/noticias\/wp-json\/wp\/v2\/posts\/13648\/revisions"}],"predecessor-version":[{"id":13650,"href":"https:\/\/blogdorogeriogomes.com.br\/noticias\/wp-json\/wp\/v2\/posts\/13648\/revisions\/13650"}],"wp:attachment":[{"href":"https:\/\/blogdorogeriogomes.com.br\/noticias\/wp-json\/wp\/v2\/media?parent=13648"}],"wp:term":[{"taxonomy":"category","embeddable":true,"href":"https:\/\/blogdorogeriogomes.com.br\/noticias\/wp-json\/wp\/v2\/categories?post=13648"},{"taxonomy":"post_tag","embeddable":true,"href":"https:\/\/blogdorogeriogomes.com.br\/noticias\/wp-json\/wp\/v2\/tags?post=13648"}],"curies":[{"name":"wp","href":"https:\/\/api.w.org\/{rel}","templated":true}]}}