{"id":13655,"date":"2019-08-17T16:16:05","date_gmt":"2019-08-17T16:16:05","guid":{"rendered":"http:\/\/blogdorogeriogomes.com.br\/?p=13655"},"modified":"2019-08-17T16:16:05","modified_gmt":"2019-08-17T16:16:05","slug":"acoes-do-planalto-na-pf-e-receita-federal-geram-clima-de-reacao-negativa-nos-dois-orgaos","status":"publish","type":"post","link":"https:\/\/blogdorogeriogomes.com.br\/noticias\/2019\/08\/acoes-do-planalto-na-pf-e-receita-federal-geram-clima-de-reacao-negativa-nos-dois-orgaos\/","title":{"rendered":"A\u00e7\u00f5es do Planalto na PF e Receita Federal geram clima de rea\u00e7\u00e3o negativa nos dois \u00f3rg\u00e3os"},"content":{"rendered":"<p><img loading=\"lazy\" decoding=\"async\" class=\"alignnone size-medium wp-image-13656\" src=\"http:\/\/blogdorogeriogomes.com.br\/wp-content\/uploads\/2019\/08\/IMG_20190817_130912_944-300x225.jpg\" alt=\"IMG_20190817_130912_944\" width=\"300\" height=\"225\" srcset=\"https:\/\/blogdorogeriogomes.com.br\/noticias\/wp-content\/uploads\/2019\/08\/IMG_20190817_130912_944-300x225.jpg 300w, https:\/\/blogdorogeriogomes.com.br\/noticias\/wp-content\/uploads\/2019\/08\/IMG_20190817_130912_944-768x576.jpg 768w, https:\/\/blogdorogeriogomes.com.br\/noticias\/wp-content\/uploads\/2019\/08\/IMG_20190817_130912_944.jpg 910w\" sizes=\"auto, (max-width: 300px) 100vw, 300px\" \/><\/p>\n<p>A tentativa do presidente Jair Bolsonaro de interferir na indica\u00e7\u00e3o do Superintendente da Pol\u00edcia Federal no Rio de Janeiro causou rea\u00e7\u00e3o na corpora\u00e7\u00e3o. Al\u00e9m da PF, a Receita Federal tamb\u00e9m vive um clima de instabilidade por causa das a\u00e7\u00f5es do Planalto.<br \/>\nDe acordo com a jornalista M\u00f4nica Bergamo, da Folha de S\u00e3o Paulo, na Pol\u00edcia Federal, delegados da c\u00fapula est\u00e3o insatisfeitos com a interfer\u00eancia de Bolsonaro. Um pedido de demiss\u00e3o coletiva n\u00e3o estaria descartado, caso Bolsonaro insista na investida. Bolsonaro tenta tirar a autonomia da dire\u00e7\u00e3o geral da institui\u00e7\u00e3o ao dizer quem deve ser o novo superintendente da PF do Rio de Janeiro. O presidente assegurou ser \u201cele quem manda\u201d.<br \/>\nNa Receita Federal, seis subsecret\u00e1rios do \u00f3rg\u00e3o amea\u00e7am entregar seus cargos, possivelmente em efeito cascata, junto a outros chefes da alta administra\u00e7\u00e3o, segundo reportagem do Estado de S\u00e3o Paulo. O motivo: amea\u00e7a de interfer\u00eancia de Bolsonaro, que quer fazer indica\u00e7\u00f5es pol\u00edticas no Rio de Janeiro e em outros postos-chave.<br \/>\nA investiga\u00e7\u00e3o sobre a natureza dos supostos elos entre mil\u00edcias do Rio de Janeiro e a fam\u00edlia do presidente Jair Bolsonaro, o chamado caso Queiroz, teve papel de destaque no surpreendente an\u00fancio de demiss\u00e3o do superintendente da Pol\u00edcia Federal no estado, delegado Ricardo Saadi.<\/p>\n","protected":false},"excerpt":{"rendered":"<p>A tentativa do presidente Jair Bolsonaro de interferir na indica\u00e7\u00e3o do Superintendente da Pol\u00edcia Federal no Rio de Janeiro causou rea\u00e7\u00e3o na corpora\u00e7\u00e3o. Al\u00e9m da PF, a Receita Federal tamb\u00e9m vive um clima de instabilidade por causa das a\u00e7\u00f5es do Planalto. De acordo com a jornalista M\u00f4nica Bergamo, da Folha de S\u00e3o Paulo, na Pol\u00edcia Federal, delegados da c\u00fapula est\u00e3o insatisfeitos com a interfer\u00eancia de Bolsonaro. Um pedido de demiss\u00e3o coletiva n\u00e3o estaria descartado, caso Bolsonaro insista na investida.&hellip;<\/p>\n","protected":false},"author":1,"featured_media":0,"comment_status":"open","ping_status":"open","sticky":false,"template":"","format":"standard","meta":{"footnotes":""},"categories":[1],"tags":[],"class_list":["post-13655","post","type-post","status-publish","format-standard","hentry","category-noticias"],"_links":{"self":[{"href":"https:\/\/blogdorogeriogomes.com.br\/noticias\/wp-json\/wp\/v2\/posts\/13655","targetHints":{"allow":["GET"]}}],"collection":[{"href":"https:\/\/blogdorogeriogomes.com.br\/noticias\/wp-json\/wp\/v2\/posts"}],"about":[{"href":"https:\/\/blogdorogeriogomes.com.br\/noticias\/wp-json\/wp\/v2\/types\/post"}],"author":[{"embeddable":true,"href":"https:\/\/blogdorogeriogomes.com.br\/noticias\/wp-json\/wp\/v2\/users\/1"}],"replies":[{"embeddable":true,"href":"https:\/\/blogdorogeriogomes.com.br\/noticias\/wp-json\/wp\/v2\/comments?post=13655"}],"version-history":[{"count":1,"href":"https:\/\/blogdorogeriogomes.com.br\/noticias\/wp-json\/wp\/v2\/posts\/13655\/revisions"}],"predecessor-version":[{"id":13657,"href":"https:\/\/blogdorogeriogomes.com.br\/noticias\/wp-json\/wp\/v2\/posts\/13655\/revisions\/13657"}],"wp:attachment":[{"href":"https:\/\/blogdorogeriogomes.com.br\/noticias\/wp-json\/wp\/v2\/media?parent=13655"}],"wp:term":[{"taxonomy":"category","embeddable":true,"href":"https:\/\/blogdorogeriogomes.com.br\/noticias\/wp-json\/wp\/v2\/categories?post=13655"},{"taxonomy":"post_tag","embeddable":true,"href":"https:\/\/blogdorogeriogomes.com.br\/noticias\/wp-json\/wp\/v2\/tags?post=13655"}],"curies":[{"name":"wp","href":"https:\/\/api.w.org\/{rel}","templated":true}]}}