{"id":13658,"date":"2019-08-19T09:05:57","date_gmt":"2019-08-19T09:05:57","guid":{"rendered":"http:\/\/blogdorogeriogomes.com.br\/?p=13658"},"modified":"2019-08-19T09:05:57","modified_gmt":"2019-08-19T09:05:57","slug":"secretaria-de-saude-do-estado-lanca-plataforma-de-modernizacao-para-melhorar-atendimento","status":"publish","type":"post","link":"https:\/\/blogdorogeriogomes.com.br\/noticias\/2019\/08\/secretaria-de-saude-do-estado-lanca-plataforma-de-modernizacao-para-melhorar-atendimento\/","title":{"rendered":"Secretaria de Sa\u00fade do Estado lan\u00e7a Plataforma de Moderniza\u00e7\u00e3o para melhorar atendimento"},"content":{"rendered":"<p><img loading=\"lazy\" decoding=\"async\" class=\"alignnone size-medium wp-image-13659\" src=\"http:\/\/blogdorogeriogomes.com.br\/wp-content\/uploads\/2019\/08\/IMG_20190819_060141_508-300x232.jpg\" alt=\"IMG_20190819_060141_508\" width=\"300\" height=\"232\" srcset=\"https:\/\/blogdorogeriogomes.com.br\/noticias\/wp-content\/uploads\/2019\/08\/IMG_20190819_060141_508-300x232.jpg 300w, https:\/\/blogdorogeriogomes.com.br\/noticias\/wp-content\/uploads\/2019\/08\/IMG_20190819_060141_508.jpg 584w\" sizes=\"auto, (max-width: 300px) 100vw, 300px\" \/><\/p>\n<p>A Secretaria de Sa\u00fade do Cear\u00e1 lan\u00e7a, nesta segunda-feira, dia 19 de agosto, a Plataforma de Moderniza\u00e7\u00e3o da Sa\u00fade, que ser\u00e1 apresentada \u00e0 popula\u00e7\u00e3o cearense, com a participa\u00e7\u00e3o do governador Camilo Santana e do secret\u00e1rio da Sa\u00fade, Carlos Roberto Martins Rodrigues Sobrinho, o Dr. Cabeto.<br \/>\nA pasta desenvolveu um planejamento integrado para promover a sa\u00fade individual e coletiva para a melhoria da qualidade de vida dos cearenses, ap\u00f3s um diagn\u00f3stico da sa\u00fade no Estado. Na ocasi\u00e3o, tamb\u00e9m ser\u00e1 apresentado o pacote de medidas para fortalecimento da Rede de Aten\u00e7\u00e3o Prim\u00e1ria, interliga\u00e7\u00e3o de toda rede de sa\u00fade, cria\u00e7\u00e3o do hub da sa\u00fade, entre outras a\u00e7\u00f5es priorit\u00e1rias.<\/p>\n","protected":false},"excerpt":{"rendered":"<p>A Secretaria de Sa\u00fade do Cear\u00e1 lan\u00e7a, nesta segunda-feira, dia 19 de agosto, a Plataforma de Moderniza\u00e7\u00e3o da Sa\u00fade, que ser\u00e1 apresentada \u00e0 popula\u00e7\u00e3o cearense, com a participa\u00e7\u00e3o do governador Camilo Santana e do secret\u00e1rio da Sa\u00fade, Carlos Roberto Martins Rodrigues Sobrinho, o Dr. Cabeto. A pasta desenvolveu um planejamento integrado para promover a sa\u00fade individual e coletiva para a melhoria da qualidade de vida dos cearenses, ap\u00f3s um diagn\u00f3stico da sa\u00fade no Estado. Na ocasi\u00e3o, tamb\u00e9m ser\u00e1 apresentado&hellip;<\/p>\n","protected":false},"author":1,"featured_media":0,"comment_status":"open","ping_status":"open","sticky":false,"template":"","format":"standard","meta":{"footnotes":""},"categories":[1],"tags":[],"class_list":["post-13658","post","type-post","status-publish","format-standard","hentry","category-noticias"],"_links":{"self":[{"href":"https:\/\/blogdorogeriogomes.com.br\/noticias\/wp-json\/wp\/v2\/posts\/13658","targetHints":{"allow":["GET"]}}],"collection":[{"href":"https:\/\/blogdorogeriogomes.com.br\/noticias\/wp-json\/wp\/v2\/posts"}],"about":[{"href":"https:\/\/blogdorogeriogomes.com.br\/noticias\/wp-json\/wp\/v2\/types\/post"}],"author":[{"embeddable":true,"href":"https:\/\/blogdorogeriogomes.com.br\/noticias\/wp-json\/wp\/v2\/users\/1"}],"replies":[{"embeddable":true,"href":"https:\/\/blogdorogeriogomes.com.br\/noticias\/wp-json\/wp\/v2\/comments?post=13658"}],"version-history":[{"count":1,"href":"https:\/\/blogdorogeriogomes.com.br\/noticias\/wp-json\/wp\/v2\/posts\/13658\/revisions"}],"predecessor-version":[{"id":13660,"href":"https:\/\/blogdorogeriogomes.com.br\/noticias\/wp-json\/wp\/v2\/posts\/13658\/revisions\/13660"}],"wp:attachment":[{"href":"https:\/\/blogdorogeriogomes.com.br\/noticias\/wp-json\/wp\/v2\/media?parent=13658"}],"wp:term":[{"taxonomy":"category","embeddable":true,"href":"https:\/\/blogdorogeriogomes.com.br\/noticias\/wp-json\/wp\/v2\/categories?post=13658"},{"taxonomy":"post_tag","embeddable":true,"href":"https:\/\/blogdorogeriogomes.com.br\/noticias\/wp-json\/wp\/v2\/tags?post=13658"}],"curies":[{"name":"wp","href":"https:\/\/api.w.org\/{rel}","templated":true}]}}