{"id":13661,"date":"2019-08-19T09:18:46","date_gmt":"2019-08-19T09:18:46","guid":{"rendered":"http:\/\/blogdorogeriogomes.com.br\/?p=13661"},"modified":"2019-08-19T09:18:46","modified_gmt":"2019-08-19T09:18:46","slug":"psdb-reune-diretorio-estadual-para-discutir-candidaturas-no-ceara-nas-eleicoes-de-2020","status":"publish","type":"post","link":"https:\/\/blogdorogeriogomes.com.br\/noticias\/2019\/08\/psdb-reune-diretorio-estadual-para-discutir-candidaturas-no-ceara-nas-eleicoes-de-2020\/","title":{"rendered":"PSDB re\u00fane diret\u00f3rio estadual para discutir candidaturas no Cear\u00e1 nas elei\u00e7\u00f5es de 2020"},"content":{"rendered":"<p><img loading=\"lazy\" decoding=\"async\" class=\"alignnone size-medium wp-image-13662\" src=\"http:\/\/blogdorogeriogomes.com.br\/wp-content\/uploads\/2019\/08\/IMG_20190819_061304_958-300x300.jpg\" alt=\"IMG_20190819_061304_958\" width=\"300\" height=\"300\" srcset=\"https:\/\/blogdorogeriogomes.com.br\/noticias\/wp-content\/uploads\/2019\/08\/IMG_20190819_061304_958-300x300.jpg 300w, https:\/\/blogdorogeriogomes.com.br\/noticias\/wp-content\/uploads\/2019\/08\/IMG_20190819_061304_958-150x150.jpg 150w, https:\/\/blogdorogeriogomes.com.br\/noticias\/wp-content\/uploads\/2019\/08\/IMG_20190819_061304_958.jpg 480w\" sizes=\"auto, (max-width: 300px) 100vw, 300px\" \/><\/p>\n<p>O diret\u00f3rio estadual do PSDB se re\u00fane, nesta segunda-feira, dia 19 de agosto, para avaliar o quadro sucess\u00f3rio nos munic\u00edpios cearenses em 2020. O presidente do partido no Cear\u00e1, Luiz Pontes, ressalta que o PSDB ter\u00e1 candidaturas pr\u00f3prias nos quatro maiores col\u00e9gios eleitorais do Cear\u00e1: Fortaleza, Caucaia, Juazeiro do Norte e Maracana\u00fa.<br \/>\nCom rela\u00e7\u00e3o espec\u00edfica aos munic\u00edpios da Regi\u00e3o Metropolitana de Fortaleza, al\u00e9m da pr\u00e9-candidatura de Carlos Matos para a Prefeitura da Capital, o PSDB j\u00e1 confirmou os nomes de Em\u00edlia Pessoa (Caucaia); Roberto Pessoa (Maracana\u00fa) e Horizonte, onde o prefeito Chico C\u00e9sar \u00e9 candidato natural \u00e0 reelei\u00e7\u00e3o.<\/p>\n","protected":false},"excerpt":{"rendered":"<p>O diret\u00f3rio estadual do PSDB se re\u00fane, nesta segunda-feira, dia 19 de agosto, para avaliar o quadro sucess\u00f3rio nos munic\u00edpios cearenses em 2020. O presidente do partido no Cear\u00e1, Luiz Pontes, ressalta que o PSDB ter\u00e1 candidaturas pr\u00f3prias nos quatro maiores col\u00e9gios eleitorais do Cear\u00e1: Fortaleza, Caucaia, Juazeiro do Norte e Maracana\u00fa. Com rela\u00e7\u00e3o espec\u00edfica aos munic\u00edpios da Regi\u00e3o Metropolitana de Fortaleza, al\u00e9m da pr\u00e9-candidatura de Carlos Matos para a Prefeitura da Capital, o PSDB j\u00e1 confirmou os nomes&hellip;<\/p>\n","protected":false},"author":1,"featured_media":0,"comment_status":"open","ping_status":"open","sticky":false,"template":"","format":"standard","meta":{"footnotes":""},"categories":[1],"tags":[],"class_list":["post-13661","post","type-post","status-publish","format-standard","hentry","category-noticias"],"_links":{"self":[{"href":"https:\/\/blogdorogeriogomes.com.br\/noticias\/wp-json\/wp\/v2\/posts\/13661","targetHints":{"allow":["GET"]}}],"collection":[{"href":"https:\/\/blogdorogeriogomes.com.br\/noticias\/wp-json\/wp\/v2\/posts"}],"about":[{"href":"https:\/\/blogdorogeriogomes.com.br\/noticias\/wp-json\/wp\/v2\/types\/post"}],"author":[{"embeddable":true,"href":"https:\/\/blogdorogeriogomes.com.br\/noticias\/wp-json\/wp\/v2\/users\/1"}],"replies":[{"embeddable":true,"href":"https:\/\/blogdorogeriogomes.com.br\/noticias\/wp-json\/wp\/v2\/comments?post=13661"}],"version-history":[{"count":1,"href":"https:\/\/blogdorogeriogomes.com.br\/noticias\/wp-json\/wp\/v2\/posts\/13661\/revisions"}],"predecessor-version":[{"id":13663,"href":"https:\/\/blogdorogeriogomes.com.br\/noticias\/wp-json\/wp\/v2\/posts\/13661\/revisions\/13663"}],"wp:attachment":[{"href":"https:\/\/blogdorogeriogomes.com.br\/noticias\/wp-json\/wp\/v2\/media?parent=13661"}],"wp:term":[{"taxonomy":"category","embeddable":true,"href":"https:\/\/blogdorogeriogomes.com.br\/noticias\/wp-json\/wp\/v2\/categories?post=13661"},{"taxonomy":"post_tag","embeddable":true,"href":"https:\/\/blogdorogeriogomes.com.br\/noticias\/wp-json\/wp\/v2\/tags?post=13661"}],"curies":[{"name":"wp","href":"https:\/\/api.w.org\/{rel}","templated":true}]}}