{"id":13664,"date":"2019-08-19T20:20:31","date_gmt":"2019-08-19T20:20:31","guid":{"rendered":"http:\/\/blogdorogeriogomes.com.br\/?p=13664"},"modified":"2019-08-19T20:20:31","modified_gmt":"2019-08-19T20:20:31","slug":"fecomercio-e-bnb-fecham-parceria-para-linhas-de-credito-que-gerem-incremento-nas-vendas","status":"publish","type":"post","link":"https:\/\/blogdorogeriogomes.com.br\/noticias\/2019\/08\/fecomercio-e-bnb-fecham-parceria-para-linhas-de-credito-que-gerem-incremento-nas-vendas\/","title":{"rendered":"Fecom\u00e9rcio e BNB fecham parceria para linhas de cr\u00e9dito que gerem incremento nas vendas"},"content":{"rendered":"<p><img loading=\"lazy\" decoding=\"async\" class=\"alignnone size-medium wp-image-13665\" src=\"http:\/\/blogdorogeriogomes.com.br\/wp-content\/uploads\/2019\/08\/IMG_20190819_171550_128-300x254.jpg\" alt=\"IMG_20190819_171550_128\" width=\"300\" height=\"254\" srcset=\"https:\/\/blogdorogeriogomes.com.br\/noticias\/wp-content\/uploads\/2019\/08\/IMG_20190819_171550_128-300x254.jpg 300w, https:\/\/blogdorogeriogomes.com.br\/noticias\/wp-content\/uploads\/2019\/08\/IMG_20190819_171550_128-768x649.jpg 768w, https:\/\/blogdorogeriogomes.com.br\/noticias\/wp-content\/uploads\/2019\/08\/IMG_20190819_171550_128-1024x865.jpg 1024w, https:\/\/blogdorogeriogomes.com.br\/noticias\/wp-content\/uploads\/2019\/08\/IMG_20190819_171550_128.jpg 1615w\" sizes=\"auto, (max-width: 300px) 100vw, 300px\" \/><\/p>\n<p>A Fecom\u00e9rcio e o Banco do Nordeste fecharam uma parceria, nesta segunda-feira, dia 19 de agosto, para incrementar as vendas no segundo semestre do ano. Foi apresentado o Cart\u00e3o BNB para acesso a linhas de cr\u00e9dito destinadas \u00e0s empresas do com\u00e9rcio de bens, servi\u00e7os e turismo atrav\u00e9s do Banco do Nordeste.<br \/>\nA parceria entre BNB e Fecom\u00e9rcio promete viabilizar a oferta de acesso ao cr\u00e9dito, com taxas de juros, prazos e condi\u00e7\u00f5es diferenciadas, al\u00e9m da disponibilidade de produtos e servi\u00e7os banc\u00e1rios para os empres\u00e1rios do com\u00e9rcio cearense. Para o BNB, o lan\u00e7amento do cart\u00e3o abre novas perspectivas para o crescimento da economia atrav\u00e9s do com\u00e9rcio.<br \/>\nA solenidade de lan\u00e7amento da parceria teve a presen\u00e7a de Romildo Rolim, presidente do Banco do Nordeste; do presidente da Fecom\u00e9rcio, Maur\u00edcio Filizola; e de Lu\u00eds Gast\u00e3o Bittencourt, vice-presidente da Confedera\u00e7\u00e3o Nacional do Com\u00e9rcio.<\/p>\n","protected":false},"excerpt":{"rendered":"<p>A Fecom\u00e9rcio e o Banco do Nordeste fecharam uma parceria, nesta segunda-feira, dia 19 de agosto, para incrementar as vendas no segundo semestre do ano. Foi apresentado o Cart\u00e3o BNB para acesso a linhas de cr\u00e9dito destinadas \u00e0s empresas do com\u00e9rcio de bens, servi\u00e7os e turismo atrav\u00e9s do Banco do Nordeste. A parceria entre BNB e Fecom\u00e9rcio promete viabilizar a oferta de acesso ao cr\u00e9dito, com taxas de juros, prazos e condi\u00e7\u00f5es diferenciadas, al\u00e9m da disponibilidade de produtos e&hellip;<\/p>\n","protected":false},"author":1,"featured_media":0,"comment_status":"open","ping_status":"open","sticky":false,"template":"","format":"standard","meta":{"footnotes":""},"categories":[1],"tags":[],"class_list":["post-13664","post","type-post","status-publish","format-standard","hentry","category-noticias"],"_links":{"self":[{"href":"https:\/\/blogdorogeriogomes.com.br\/noticias\/wp-json\/wp\/v2\/posts\/13664","targetHints":{"allow":["GET"]}}],"collection":[{"href":"https:\/\/blogdorogeriogomes.com.br\/noticias\/wp-json\/wp\/v2\/posts"}],"about":[{"href":"https:\/\/blogdorogeriogomes.com.br\/noticias\/wp-json\/wp\/v2\/types\/post"}],"author":[{"embeddable":true,"href":"https:\/\/blogdorogeriogomes.com.br\/noticias\/wp-json\/wp\/v2\/users\/1"}],"replies":[{"embeddable":true,"href":"https:\/\/blogdorogeriogomes.com.br\/noticias\/wp-json\/wp\/v2\/comments?post=13664"}],"version-history":[{"count":1,"href":"https:\/\/blogdorogeriogomes.com.br\/noticias\/wp-json\/wp\/v2\/posts\/13664\/revisions"}],"predecessor-version":[{"id":13666,"href":"https:\/\/blogdorogeriogomes.com.br\/noticias\/wp-json\/wp\/v2\/posts\/13664\/revisions\/13666"}],"wp:attachment":[{"href":"https:\/\/blogdorogeriogomes.com.br\/noticias\/wp-json\/wp\/v2\/media?parent=13664"}],"wp:term":[{"taxonomy":"category","embeddable":true,"href":"https:\/\/blogdorogeriogomes.com.br\/noticias\/wp-json\/wp\/v2\/categories?post=13664"},{"taxonomy":"post_tag","embeddable":true,"href":"https:\/\/blogdorogeriogomes.com.br\/noticias\/wp-json\/wp\/v2\/tags?post=13664"}],"curies":[{"name":"wp","href":"https:\/\/api.w.org\/{rel}","templated":true}]}}