{"id":13667,"date":"2019-08-19T20:36:24","date_gmt":"2019-08-19T20:36:24","guid":{"rendered":"http:\/\/blogdorogeriogomes.com.br\/?p=13667"},"modified":"2019-08-19T20:36:24","modified_gmt":"2019-08-19T20:36:24","slug":"governo-do-ceara-preve-investimentos-de-r-600-milhoes-em-saude-e-construcao-de-novo-hospital-da-uece","status":"publish","type":"post","link":"https:\/\/blogdorogeriogomes.com.br\/noticias\/2019\/08\/governo-do-ceara-preve-investimentos-de-r-600-milhoes-em-saude-e-construcao-de-novo-hospital-da-uece\/","title":{"rendered":"Governo do Cear\u00e1 prev\u00ea investimentos de R$ 600 milh\u00f5es em sa\u00fade e constru\u00e7\u00e3o de novo Hospital da Uece"},"content":{"rendered":"<p><img loading=\"lazy\" decoding=\"async\" class=\"alignnone size-medium wp-image-13668\" src=\"http:\/\/blogdorogeriogomes.com.br\/wp-content\/uploads\/2019\/08\/IMG_20190819_173052_030-300x208.jpg\" alt=\"IMG_20190819_173052_030\" width=\"300\" height=\"208\" srcset=\"https:\/\/blogdorogeriogomes.com.br\/noticias\/wp-content\/uploads\/2019\/08\/IMG_20190819_173052_030-300x208.jpg 300w, https:\/\/blogdorogeriogomes.com.br\/noticias\/wp-content\/uploads\/2019\/08\/IMG_20190819_173052_030-768x534.jpg 768w, https:\/\/blogdorogeriogomes.com.br\/noticias\/wp-content\/uploads\/2019\/08\/IMG_20190819_173052_030-1024x711.jpg 1024w, https:\/\/blogdorogeriogomes.com.br\/noticias\/wp-content\/uploads\/2019\/08\/IMG_20190819_173052_030.jpg 1153w\" sizes=\"auto, (max-width: 300px) 100vw, 300px\" \/><\/p>\n<p>A sa\u00fade cearense vai receber investimento extra de R$ 600 milh\u00f5es de reais para a implanta\u00e7\u00e3o da Plataforma de Moderniza\u00e7\u00e3o da Sa\u00fade. O planejamento anunciado pelo governador do Cear\u00e1, Camilo Santana, nesta segunda-feira, dia 19 de agosto, no Pal\u00e1cio da Aboli\u00e7\u00e3o, prev\u00ea at\u00e9 2023 a constru\u00e7\u00e3o de hospitais de ensino, Centro de Intelig\u00eancia, hub de sa\u00fade, promo\u00e7\u00e3o de novas metodologias e pol\u00edticas para o setor.<br \/>\nUma das a\u00e7\u00f5es previstas \u00e9 a transfer\u00eancia do Hospital Geral Dr. C\u00e9sar Calls para o novo Hospital Universit\u00e1rio da Universidade Estadual do Cear\u00e1 (Uece), no campus do Itaperi, que ser\u00e1 constru\u00eddo nos pr\u00f3ximos tr\u00eas anos. A mudan\u00e7a vai representar em um aumento de cerca de 400 vagas de atendimento. O hospital da UECE tamb\u00e9m ser\u00e1 um local de aprendizagem para a forma\u00e7\u00e3o de novos profissionais de sa\u00fade.<\/p>\n","protected":false},"excerpt":{"rendered":"<p>A sa\u00fade cearense vai receber investimento extra de R$ 600 milh\u00f5es de reais para a implanta\u00e7\u00e3o da Plataforma de Moderniza\u00e7\u00e3o da Sa\u00fade. O planejamento anunciado pelo governador do Cear\u00e1, Camilo Santana, nesta segunda-feira, dia 19 de agosto, no Pal\u00e1cio da Aboli\u00e7\u00e3o, prev\u00ea at\u00e9 2023 a constru\u00e7\u00e3o de hospitais de ensino, Centro de Intelig\u00eancia, hub de sa\u00fade, promo\u00e7\u00e3o de novas metodologias e pol\u00edticas para o setor. Uma das a\u00e7\u00f5es previstas \u00e9 a transfer\u00eancia do Hospital Geral Dr. C\u00e9sar Calls para&hellip;<\/p>\n","protected":false},"author":1,"featured_media":0,"comment_status":"open","ping_status":"open","sticky":false,"template":"","format":"standard","meta":{"footnotes":""},"categories":[1],"tags":[],"class_list":["post-13667","post","type-post","status-publish","format-standard","hentry","category-noticias"],"_links":{"self":[{"href":"https:\/\/blogdorogeriogomes.com.br\/noticias\/wp-json\/wp\/v2\/posts\/13667","targetHints":{"allow":["GET"]}}],"collection":[{"href":"https:\/\/blogdorogeriogomes.com.br\/noticias\/wp-json\/wp\/v2\/posts"}],"about":[{"href":"https:\/\/blogdorogeriogomes.com.br\/noticias\/wp-json\/wp\/v2\/types\/post"}],"author":[{"embeddable":true,"href":"https:\/\/blogdorogeriogomes.com.br\/noticias\/wp-json\/wp\/v2\/users\/1"}],"replies":[{"embeddable":true,"href":"https:\/\/blogdorogeriogomes.com.br\/noticias\/wp-json\/wp\/v2\/comments?post=13667"}],"version-history":[{"count":1,"href":"https:\/\/blogdorogeriogomes.com.br\/noticias\/wp-json\/wp\/v2\/posts\/13667\/revisions"}],"predecessor-version":[{"id":13669,"href":"https:\/\/blogdorogeriogomes.com.br\/noticias\/wp-json\/wp\/v2\/posts\/13667\/revisions\/13669"}],"wp:attachment":[{"href":"https:\/\/blogdorogeriogomes.com.br\/noticias\/wp-json\/wp\/v2\/media?parent=13667"}],"wp:term":[{"taxonomy":"category","embeddable":true,"href":"https:\/\/blogdorogeriogomes.com.br\/noticias\/wp-json\/wp\/v2\/categories?post=13667"},{"taxonomy":"post_tag","embeddable":true,"href":"https:\/\/blogdorogeriogomes.com.br\/noticias\/wp-json\/wp\/v2\/tags?post=13667"}],"curies":[{"name":"wp","href":"https:\/\/api.w.org\/{rel}","templated":true}]}}