{"id":13670,"date":"2019-08-20T08:58:47","date_gmt":"2019-08-20T08:58:47","guid":{"rendered":"http:\/\/blogdorogeriogomes.com.br\/?p=13670"},"modified":"2019-08-20T08:58:47","modified_gmt":"2019-08-20T08:58:47","slug":"candido-albuquerque-sera-o-novo-reitor-da-universidade-federal-do-ceara","status":"publish","type":"post","link":"https:\/\/blogdorogeriogomes.com.br\/noticias\/2019\/08\/candido-albuquerque-sera-o-novo-reitor-da-universidade-federal-do-ceara\/","title":{"rendered":"C\u00e2ndido Albuquerque ser\u00e1 o novo reitor da Universidade Federal do Cear\u00e1"},"content":{"rendered":"<p><img loading=\"lazy\" decoding=\"async\" class=\"alignnone size-medium wp-image-13671\" src=\"http:\/\/blogdorogeriogomes.com.br\/wp-content\/uploads\/2019\/08\/IMG_20190820_055402_570-300x251.jpg\" alt=\"IMG_20190820_055402_570\" width=\"300\" height=\"251\" srcset=\"https:\/\/blogdorogeriogomes.com.br\/noticias\/wp-content\/uploads\/2019\/08\/IMG_20190820_055402_570-300x251.jpg 300w, https:\/\/blogdorogeriogomes.com.br\/noticias\/wp-content\/uploads\/2019\/08\/IMG_20190820_055402_570.jpg 541w\" sizes=\"auto, (max-width: 300px) 100vw, 300px\" \/><\/p>\n<p>O presidente Jair Bolsonaro escolheu o advogado e professor C\u00e2ndido Albuquerque como novo reitor da Universidade Federal do Cear\u00e1 (UFC). C\u00e2ndido Albuquerque foi o terceiro colocado na lista tr\u00edplice formada ap\u00f3s consulta \u00e0 comunidade acad\u00eamica. Ele era apontado como favorito \u00e0 indica\u00e7\u00e3o, por ser o candidato mais alinhado a posicionamentos de Bolsonaro.<br \/>\nA nomea\u00e7\u00e3o foi publicada em edi\u00e7\u00e3o extra do Di\u00e1rio Oficial da Uni\u00e3o. Dos tr\u00eas candidatos concorrentes, C\u00e2ndido Albuquerque, que \u00e9 diretor da Faculdade de Direito, foi o menos votado com 610 votos. O candidato mais votado pela comunidade acad\u00eamica da UFC foi o atual vice-reitor, Cust\u00f3dio Lu\u00eds Silva de Almeida, com 7.772 votos. Ant\u00f4nio Gomes de Souza Filho, atual pr\u00f3-reitor de Pesquisa e P\u00f3s-Gradua\u00e7\u00e3o ficou em segundo lugar, com 3.499 votos.<br \/>\nDocentes, estudantes e servidores t\u00e9cnicos-administrativos da UFC prometem realizar, nesta ter\u00e7a-feira, dia 20 de agosto, um protesto contra a nomea\u00e7\u00e3o de C\u00e2ndido Albuquerque pelo n\u00e3o respeito a escolha da comunidade acad\u00eamica.<\/p>\n","protected":false},"excerpt":{"rendered":"<p>O presidente Jair Bolsonaro escolheu o advogado e professor C\u00e2ndido Albuquerque como novo reitor da Universidade Federal do Cear\u00e1 (UFC). C\u00e2ndido Albuquerque foi o terceiro colocado na lista tr\u00edplice formada ap\u00f3s consulta \u00e0 comunidade acad\u00eamica. Ele era apontado como favorito \u00e0 indica\u00e7\u00e3o, por ser o candidato mais alinhado a posicionamentos de Bolsonaro. A nomea\u00e7\u00e3o foi publicada em edi\u00e7\u00e3o extra do Di\u00e1rio Oficial da Uni\u00e3o. Dos tr\u00eas candidatos concorrentes, C\u00e2ndido Albuquerque, que \u00e9 diretor da Faculdade de Direito, foi o&hellip;<\/p>\n","protected":false},"author":1,"featured_media":0,"comment_status":"open","ping_status":"open","sticky":false,"template":"","format":"standard","meta":{"footnotes":""},"categories":[1],"tags":[],"class_list":["post-13670","post","type-post","status-publish","format-standard","hentry","category-noticias"],"_links":{"self":[{"href":"https:\/\/blogdorogeriogomes.com.br\/noticias\/wp-json\/wp\/v2\/posts\/13670","targetHints":{"allow":["GET"]}}],"collection":[{"href":"https:\/\/blogdorogeriogomes.com.br\/noticias\/wp-json\/wp\/v2\/posts"}],"about":[{"href":"https:\/\/blogdorogeriogomes.com.br\/noticias\/wp-json\/wp\/v2\/types\/post"}],"author":[{"embeddable":true,"href":"https:\/\/blogdorogeriogomes.com.br\/noticias\/wp-json\/wp\/v2\/users\/1"}],"replies":[{"embeddable":true,"href":"https:\/\/blogdorogeriogomes.com.br\/noticias\/wp-json\/wp\/v2\/comments?post=13670"}],"version-history":[{"count":1,"href":"https:\/\/blogdorogeriogomes.com.br\/noticias\/wp-json\/wp\/v2\/posts\/13670\/revisions"}],"predecessor-version":[{"id":13672,"href":"https:\/\/blogdorogeriogomes.com.br\/noticias\/wp-json\/wp\/v2\/posts\/13670\/revisions\/13672"}],"wp:attachment":[{"href":"https:\/\/blogdorogeriogomes.com.br\/noticias\/wp-json\/wp\/v2\/media?parent=13670"}],"wp:term":[{"taxonomy":"category","embeddable":true,"href":"https:\/\/blogdorogeriogomes.com.br\/noticias\/wp-json\/wp\/v2\/categories?post=13670"},{"taxonomy":"post_tag","embeddable":true,"href":"https:\/\/blogdorogeriogomes.com.br\/noticias\/wp-json\/wp\/v2\/tags?post=13670"}],"curies":[{"name":"wp","href":"https:\/\/api.w.org\/{rel}","templated":true}]}}