{"id":13681,"date":"2019-08-20T23:28:29","date_gmt":"2019-08-20T23:28:29","guid":{"rendered":"http:\/\/blogdorogeriogomes.com.br\/?p=13681"},"modified":"2019-08-20T23:28:29","modified_gmt":"2019-08-20T23:28:29","slug":"escola-de-saude-publica-abre-vaga-para-mais-44-medicos-para-o-programa-familia-ceara","status":"publish","type":"post","link":"https:\/\/blogdorogeriogomes.com.br\/noticias\/2019\/08\/escola-de-saude-publica-abre-vaga-para-mais-44-medicos-para-o-programa-familia-ceara\/","title":{"rendered":"Escola de Sa\u00fade P\u00fablica abre vaga para mais 44 m\u00e9dicos para o Programa Fam\u00edlia Cear\u00e1"},"content":{"rendered":"<p><img loading=\"lazy\" decoding=\"async\" class=\"alignnone size-medium wp-image-13682\" src=\"http:\/\/blogdorogeriogomes.com.br\/wp-content\/uploads\/2019\/08\/IMG_20190820_202509_891-300x222.jpg\" alt=\"IMG_20190820_202509_891\" width=\"300\" height=\"222\" srcset=\"https:\/\/blogdorogeriogomes.com.br\/noticias\/wp-content\/uploads\/2019\/08\/IMG_20190820_202509_891-300x222.jpg 300w, https:\/\/blogdorogeriogomes.com.br\/noticias\/wp-content\/uploads\/2019\/08\/IMG_20190820_202509_891.jpg 611w\" sizes=\"auto, (max-width: 300px) 100vw, 300px\" \/><\/p>\n<p>A Escola de Sa\u00fade P\u00fablica do Cear\u00e1, em Fortaleza, lan\u00e7ou mais um processo seletivo para o Programa M\u00e9dico da Fam\u00edlia Cear\u00e1. O edital foi lan\u00e7ado nesta ter\u00e7a-feira, dia 20 de agosto e visa o preenchimento de 44 vagas de discentes para o curso de P\u00f3s-Gradua\u00e7\u00e3o Lato Sensu em Aten\u00e7\u00e3o Prim\u00e1ria \u00e0 Sa\u00fade \u2013 Programa M\u00e9dico da Fam\u00edlia Cear\u00e1. As inscri\u00e7\u00f5es iniciam-se tamb\u00e9m em 20 de agosto e seguem at\u00e9 as 13h do dia 2 de setembro. O processo seletivo se dar\u00e1 em etapa \u00fanica, por meio da aplica\u00e7\u00e3o de prova te\u00f3rica escrita e objetiva, programada para o dia 15 de setembro.<br \/>\nOs profissionais aprovados no certame ir\u00e3o atuar nos postos de sa\u00fade de Fortaleza. A forma\u00e7\u00e3o dos m\u00e9dicos em servi\u00e7o pelo programa ter\u00e1 dura\u00e7\u00e3o m\u00e1xima de um ano, com pagamento de uma bolsa mensal no valor de R$ 11.865,00, al\u00e9m de carga hor\u00e1ria que contemplar\u00e1 1.920 horas distribu\u00eddas em atividades pr\u00e1ticas e te\u00f3ricas.<\/p>\n","protected":false},"excerpt":{"rendered":"<p>A Escola de Sa\u00fade P\u00fablica do Cear\u00e1, em Fortaleza, lan\u00e7ou mais um processo seletivo para o Programa M\u00e9dico da Fam\u00edlia Cear\u00e1. O edital foi lan\u00e7ado nesta ter\u00e7a-feira, dia 20 de agosto e visa o preenchimento de 44 vagas de discentes para o curso de P\u00f3s-Gradua\u00e7\u00e3o Lato Sensu em Aten\u00e7\u00e3o Prim\u00e1ria \u00e0 Sa\u00fade \u2013 Programa M\u00e9dico da Fam\u00edlia Cear\u00e1. As inscri\u00e7\u00f5es iniciam-se tamb\u00e9m em 20 de agosto e seguem at\u00e9 as 13h do dia 2 de setembro. O processo seletivo&hellip;<\/p>\n","protected":false},"author":1,"featured_media":0,"comment_status":"open","ping_status":"open","sticky":false,"template":"","format":"standard","meta":{"footnotes":""},"categories":[1],"tags":[],"class_list":["post-13681","post","type-post","status-publish","format-standard","hentry","category-noticias"],"_links":{"self":[{"href":"https:\/\/blogdorogeriogomes.com.br\/noticias\/wp-json\/wp\/v2\/posts\/13681","targetHints":{"allow":["GET"]}}],"collection":[{"href":"https:\/\/blogdorogeriogomes.com.br\/noticias\/wp-json\/wp\/v2\/posts"}],"about":[{"href":"https:\/\/blogdorogeriogomes.com.br\/noticias\/wp-json\/wp\/v2\/types\/post"}],"author":[{"embeddable":true,"href":"https:\/\/blogdorogeriogomes.com.br\/noticias\/wp-json\/wp\/v2\/users\/1"}],"replies":[{"embeddable":true,"href":"https:\/\/blogdorogeriogomes.com.br\/noticias\/wp-json\/wp\/v2\/comments?post=13681"}],"version-history":[{"count":1,"href":"https:\/\/blogdorogeriogomes.com.br\/noticias\/wp-json\/wp\/v2\/posts\/13681\/revisions"}],"predecessor-version":[{"id":13683,"href":"https:\/\/blogdorogeriogomes.com.br\/noticias\/wp-json\/wp\/v2\/posts\/13681\/revisions\/13683"}],"wp:attachment":[{"href":"https:\/\/blogdorogeriogomes.com.br\/noticias\/wp-json\/wp\/v2\/media?parent=13681"}],"wp:term":[{"taxonomy":"category","embeddable":true,"href":"https:\/\/blogdorogeriogomes.com.br\/noticias\/wp-json\/wp\/v2\/categories?post=13681"},{"taxonomy":"post_tag","embeddable":true,"href":"https:\/\/blogdorogeriogomes.com.br\/noticias\/wp-json\/wp\/v2\/tags?post=13681"}],"curies":[{"name":"wp","href":"https:\/\/api.w.org\/{rel}","templated":true}]}}