{"id":13684,"date":"2019-08-21T09:01:32","date_gmt":"2019-08-21T09:01:32","guid":{"rendered":"http:\/\/blogdorogeriogomes.com.br\/?p=13684"},"modified":"2019-08-21T09:01:32","modified_gmt":"2019-08-21T09:01:32","slug":"conselho-de-etica-da-al-da-sequencia-a-processo-por-quebra-de-decoro-de-andre-fernandes","status":"publish","type":"post","link":"https:\/\/blogdorogeriogomes.com.br\/noticias\/2019\/08\/conselho-de-etica-da-al-da-sequencia-a-processo-por-quebra-de-decoro-de-andre-fernandes\/","title":{"rendered":"Conselho de \u00c9tica da AL d\u00e1 sequ\u00eancia a processo por quebra de decoro de Andr\u00e9 Fernandes"},"content":{"rendered":"<p><img loading=\"lazy\" decoding=\"async\" class=\"alignnone size-medium wp-image-13685\" src=\"http:\/\/blogdorogeriogomes.com.br\/wp-content\/uploads\/2019\/08\/IMG_20190821_055734_847-300x189.jpg\" alt=\"IMG_20190821_055734_847\" width=\"300\" height=\"189\" srcset=\"https:\/\/blogdorogeriogomes.com.br\/noticias\/wp-content\/uploads\/2019\/08\/IMG_20190821_055734_847-300x189.jpg 300w, https:\/\/blogdorogeriogomes.com.br\/noticias\/wp-content\/uploads\/2019\/08\/IMG_20190821_055734_847-768x484.jpg 768w, https:\/\/blogdorogeriogomes.com.br\/noticias\/wp-content\/uploads\/2019\/08\/IMG_20190821_055734_847-1024x646.jpg 1024w, https:\/\/blogdorogeriogomes.com.br\/noticias\/wp-content\/uploads\/2019\/08\/IMG_20190821_055734_847.jpg 1284w\" sizes=\"auto, (max-width: 300px) 100vw, 300px\" \/><\/p>\n<p>O Conselho de \u00c9tica da Assembleia Legislativa do Cear\u00e1 decidiu dar sequ\u00eancia ao processo por quebra de decoro parlamentar pelo deputado estadual Andr\u00e9 Fernandes (PSL). Ele acusou, sem provas, o tamb\u00e9m parlamentar Nezinho Farias (PDT), no in\u00edcio de junho, de integrar organiza\u00e7\u00e3o criminosa.<br \/>\nA representa\u00e7\u00e3o contra Andr\u00e9 Fernandes foi protocolada pelo PSDB e PDT. A admissibilidade do processo de quebra de decoro foi aprovada por unanimidade pelos nove integrantes do Conselho de \u00c9tica, que acompanharam o parecer do ouvidor, Romeu Aldigueri (PDT).<br \/>\nComo Andr\u00e9 Fernandes j\u00e1 pediu desculpas a Nezinho Farias em plen\u00e1rio, deputados estaduais avaliam nos bastidores que a penalidade n\u00e3o deve chegar a cassa\u00e7\u00e3o e que a medida deve ser apenas &#8220;corretiva&#8221;. As puni\u00e7\u00f5es previstas s\u00e3o censura verbal, advert\u00eancia escrita, suspens\u00e3o de 30 dias (ou mais) e at\u00e9 perda de mandato.<\/p>\n","protected":false},"excerpt":{"rendered":"<p>O Conselho de \u00c9tica da Assembleia Legislativa do Cear\u00e1 decidiu dar sequ\u00eancia ao processo por quebra de decoro parlamentar pelo deputado estadual Andr\u00e9 Fernandes (PSL). Ele acusou, sem provas, o tamb\u00e9m parlamentar Nezinho Farias (PDT), no in\u00edcio de junho, de integrar organiza\u00e7\u00e3o criminosa. A representa\u00e7\u00e3o contra Andr\u00e9 Fernandes foi protocolada pelo PSDB e PDT. A admissibilidade do processo de quebra de decoro foi aprovada por unanimidade pelos nove integrantes do Conselho de \u00c9tica, que acompanharam o parecer do ouvidor,&hellip;<\/p>\n","protected":false},"author":1,"featured_media":0,"comment_status":"open","ping_status":"open","sticky":false,"template":"","format":"standard","meta":{"footnotes":""},"categories":[1],"tags":[],"class_list":["post-13684","post","type-post","status-publish","format-standard","hentry","category-noticias"],"_links":{"self":[{"href":"https:\/\/blogdorogeriogomes.com.br\/noticias\/wp-json\/wp\/v2\/posts\/13684","targetHints":{"allow":["GET"]}}],"collection":[{"href":"https:\/\/blogdorogeriogomes.com.br\/noticias\/wp-json\/wp\/v2\/posts"}],"about":[{"href":"https:\/\/blogdorogeriogomes.com.br\/noticias\/wp-json\/wp\/v2\/types\/post"}],"author":[{"embeddable":true,"href":"https:\/\/blogdorogeriogomes.com.br\/noticias\/wp-json\/wp\/v2\/users\/1"}],"replies":[{"embeddable":true,"href":"https:\/\/blogdorogeriogomes.com.br\/noticias\/wp-json\/wp\/v2\/comments?post=13684"}],"version-history":[{"count":1,"href":"https:\/\/blogdorogeriogomes.com.br\/noticias\/wp-json\/wp\/v2\/posts\/13684\/revisions"}],"predecessor-version":[{"id":13686,"href":"https:\/\/blogdorogeriogomes.com.br\/noticias\/wp-json\/wp\/v2\/posts\/13684\/revisions\/13686"}],"wp:attachment":[{"href":"https:\/\/blogdorogeriogomes.com.br\/noticias\/wp-json\/wp\/v2\/media?parent=13684"}],"wp:term":[{"taxonomy":"category","embeddable":true,"href":"https:\/\/blogdorogeriogomes.com.br\/noticias\/wp-json\/wp\/v2\/categories?post=13684"},{"taxonomy":"post_tag","embeddable":true,"href":"https:\/\/blogdorogeriogomes.com.br\/noticias\/wp-json\/wp\/v2\/tags?post=13684"}],"curies":[{"name":"wp","href":"https:\/\/api.w.org\/{rel}","templated":true}]}}