{"id":13687,"date":"2019-08-21T09:19:46","date_gmt":"2019-08-21T09:19:46","guid":{"rendered":"http:\/\/blogdorogeriogomes.com.br\/?p=13687"},"modified":"2019-08-21T09:19:46","modified_gmt":"2019-08-21T09:19:46","slug":"paulo-guedes-vai-anunciar-lista-de-17-empresas-a-serem-privatizadas-pelo-governo-federal","status":"publish","type":"post","link":"https:\/\/blogdorogeriogomes.com.br\/noticias\/2019\/08\/paulo-guedes-vai-anunciar-lista-de-17-empresas-a-serem-privatizadas-pelo-governo-federal\/","title":{"rendered":"Paulo Guedes vai anunciar lista de 17 empresas a serem privatizadas pelo Governo Federal"},"content":{"rendered":"<p><img loading=\"lazy\" decoding=\"async\" class=\"alignnone size-medium wp-image-13688\" src=\"http:\/\/blogdorogeriogomes.com.br\/wp-content\/uploads\/2019\/08\/IMG_20190821_061551_093-300x190.jpg\" alt=\"IMG_20190821_061551_093\" width=\"300\" height=\"190\" srcset=\"https:\/\/blogdorogeriogomes.com.br\/noticias\/wp-content\/uploads\/2019\/08\/IMG_20190821_061551_093-300x190.jpg 300w, https:\/\/blogdorogeriogomes.com.br\/noticias\/wp-content\/uploads\/2019\/08\/IMG_20190821_061551_093.jpg 654w\" sizes=\"auto, (max-width: 300px) 100vw, 300px\" \/><\/p>\n<p>A onda privacionista do Governo Bolsonaro vai ganhar novos contornos. O ministro da Economia, Paulo Guedes, promete anunciar a lista com as 17 empresas que ser\u00e3o privatizadas pelo governo. A declara\u00e7\u00e3o foi dada pelo economista durante evento com uma plateia de empres\u00e1rios em S\u00e3o Paulo.<br \/>\n&#8220;N\u00f3s vamos acelerar as privatiza\u00e7\u00f5es. Amanh\u00e3 (quarta-feira, dia 21 de agosto) saem as 17 empresas, e ano que vem tem mais. E n\u00f3s achamos que vamos surpreender. Tem gente grande a\u00ed que acha que n\u00e3o vai ser privatizado, mas vai entrar na faca&#8221;, disse Guedes.<br \/>\nDe quebra, Paulo Guedes defendeu a recria\u00e7\u00e3o de um imposto sobre transa\u00e7\u00f5es banc\u00e1rias nos moldes da CPFM como um dos pilares da reforma tribut\u00e1ria. De acordo com o ministro, se o imposto for &#8220;pequenininho, n\u00e3o machuca&#8221;.<\/p>\n","protected":false},"excerpt":{"rendered":"<p>A onda privacionista do Governo Bolsonaro vai ganhar novos contornos. O ministro da Economia, Paulo Guedes, promete anunciar a lista com as 17 empresas que ser\u00e3o privatizadas pelo governo. A declara\u00e7\u00e3o foi dada pelo economista durante evento com uma plateia de empres\u00e1rios em S\u00e3o Paulo. &#8220;N\u00f3s vamos acelerar as privatiza\u00e7\u00f5es. Amanh\u00e3 (quarta-feira, dia 21 de agosto) saem as 17 empresas, e ano que vem tem mais. E n\u00f3s achamos que vamos surpreender. Tem gente grande a\u00ed que acha que&hellip;<\/p>\n","protected":false},"author":1,"featured_media":0,"comment_status":"open","ping_status":"open","sticky":false,"template":"","format":"standard","meta":{"footnotes":""},"categories":[1],"tags":[],"class_list":["post-13687","post","type-post","status-publish","format-standard","hentry","category-noticias"],"_links":{"self":[{"href":"https:\/\/blogdorogeriogomes.com.br\/noticias\/wp-json\/wp\/v2\/posts\/13687","targetHints":{"allow":["GET"]}}],"collection":[{"href":"https:\/\/blogdorogeriogomes.com.br\/noticias\/wp-json\/wp\/v2\/posts"}],"about":[{"href":"https:\/\/blogdorogeriogomes.com.br\/noticias\/wp-json\/wp\/v2\/types\/post"}],"author":[{"embeddable":true,"href":"https:\/\/blogdorogeriogomes.com.br\/noticias\/wp-json\/wp\/v2\/users\/1"}],"replies":[{"embeddable":true,"href":"https:\/\/blogdorogeriogomes.com.br\/noticias\/wp-json\/wp\/v2\/comments?post=13687"}],"version-history":[{"count":1,"href":"https:\/\/blogdorogeriogomes.com.br\/noticias\/wp-json\/wp\/v2\/posts\/13687\/revisions"}],"predecessor-version":[{"id":13689,"href":"https:\/\/blogdorogeriogomes.com.br\/noticias\/wp-json\/wp\/v2\/posts\/13687\/revisions\/13689"}],"wp:attachment":[{"href":"https:\/\/blogdorogeriogomes.com.br\/noticias\/wp-json\/wp\/v2\/media?parent=13687"}],"wp:term":[{"taxonomy":"category","embeddable":true,"href":"https:\/\/blogdorogeriogomes.com.br\/noticias\/wp-json\/wp\/v2\/categories?post=13687"},{"taxonomy":"post_tag","embeddable":true,"href":"https:\/\/blogdorogeriogomes.com.br\/noticias\/wp-json\/wp\/v2\/tags?post=13687"}],"curies":[{"name":"wp","href":"https:\/\/api.w.org\/{rel}","templated":true}]}}