{"id":13690,"date":"2019-08-21T21:19:26","date_gmt":"2019-08-21T21:19:26","guid":{"rendered":"http:\/\/blogdorogeriogomes.com.br\/?p=13690"},"modified":"2019-08-21T21:19:26","modified_gmt":"2019-08-21T21:19:26","slug":"consorcio-nordeste-discute-em-teresina-captacao-de-recursos-internacionais-para-a-regiao","status":"publish","type":"post","link":"https:\/\/blogdorogeriogomes.com.br\/noticias\/2019\/08\/consorcio-nordeste-discute-em-teresina-captacao-de-recursos-internacionais-para-a-regiao\/","title":{"rendered":"Cons\u00f3rcio Nordeste discute em Teresina capta\u00e7\u00e3o de recursos internacionais para a regi\u00e3o"},"content":{"rendered":"<p><img loading=\"lazy\" decoding=\"async\" class=\"alignnone size-medium wp-image-13691\" src=\"http:\/\/blogdorogeriogomes.com.br\/wp-content\/uploads\/2019\/08\/IMG_20190821_181357_275-300x279.jpg\" alt=\"IMG_20190821_181357_275\" width=\"300\" height=\"279\" srcset=\"https:\/\/blogdorogeriogomes.com.br\/noticias\/wp-content\/uploads\/2019\/08\/IMG_20190821_181357_275-300x279.jpg 300w, https:\/\/blogdorogeriogomes.com.br\/noticias\/wp-content\/uploads\/2019\/08\/IMG_20190821_181357_275-768x714.jpg 768w, https:\/\/blogdorogeriogomes.com.br\/noticias\/wp-content\/uploads\/2019\/08\/IMG_20190821_181357_275.jpg 861w\" sizes=\"auto, (max-width: 300px) 100vw, 300px\" \/><\/p>\n<p>Governadores do Nordeste se reuniram, nesta quarta-feira, dia 21 de agosto, em Teresina, no Piau\u00ed. Na pauta, a capta\u00e7\u00e3o de investimentos internacionais para projetos que tragam desenvolvimento para a regi\u00e3o. Foram propostas parcerias que fomentem a\u00e7\u00f5es nas \u00e1reas de Educa\u00e7\u00e3o, Turismo, Meio Ambiente, Energia, Sa\u00fade, Tecnologia, Seguran\u00e7a H\u00eddrica e Seguran\u00e7a.<br \/>\nO governador do Cear\u00e1, Camilo Santana, destacou o papel do Cons\u00f3rcio Nordeste na defesa de projetos de reuso de \u00e1gua, de um sistema de monitoramento e infraestrutura digital para a Seguran\u00e7a P\u00fablica e tamb\u00e9m na constru\u00e7\u00e3o de usina de dessaliniza\u00e7\u00e3o da \u00e1gua do mar.<br \/>\nOs governadores nordestinos agendam para novembro uma viagem internacional para buscar parcerias com investidores europeus. Alemanha, Fran\u00e7a, It\u00e1lia e Espanha foram os destinos apontados para a prospec\u00e7\u00e3o de neg\u00f3cios.<\/p>\n","protected":false},"excerpt":{"rendered":"<p>Governadores do Nordeste se reuniram, nesta quarta-feira, dia 21 de agosto, em Teresina, no Piau\u00ed. Na pauta, a capta\u00e7\u00e3o de investimentos internacionais para projetos que tragam desenvolvimento para a regi\u00e3o. Foram propostas parcerias que fomentem a\u00e7\u00f5es nas \u00e1reas de Educa\u00e7\u00e3o, Turismo, Meio Ambiente, Energia, Sa\u00fade, Tecnologia, Seguran\u00e7a H\u00eddrica e Seguran\u00e7a. O governador do Cear\u00e1, Camilo Santana, destacou o papel do Cons\u00f3rcio Nordeste na defesa de projetos de reuso de \u00e1gua, de um sistema de monitoramento e infraestrutura digital para&hellip;<\/p>\n","protected":false},"author":1,"featured_media":0,"comment_status":"open","ping_status":"open","sticky":false,"template":"","format":"standard","meta":{"footnotes":""},"categories":[1],"tags":[],"class_list":["post-13690","post","type-post","status-publish","format-standard","hentry","category-noticias"],"_links":{"self":[{"href":"https:\/\/blogdorogeriogomes.com.br\/noticias\/wp-json\/wp\/v2\/posts\/13690","targetHints":{"allow":["GET"]}}],"collection":[{"href":"https:\/\/blogdorogeriogomes.com.br\/noticias\/wp-json\/wp\/v2\/posts"}],"about":[{"href":"https:\/\/blogdorogeriogomes.com.br\/noticias\/wp-json\/wp\/v2\/types\/post"}],"author":[{"embeddable":true,"href":"https:\/\/blogdorogeriogomes.com.br\/noticias\/wp-json\/wp\/v2\/users\/1"}],"replies":[{"embeddable":true,"href":"https:\/\/blogdorogeriogomes.com.br\/noticias\/wp-json\/wp\/v2\/comments?post=13690"}],"version-history":[{"count":1,"href":"https:\/\/blogdorogeriogomes.com.br\/noticias\/wp-json\/wp\/v2\/posts\/13690\/revisions"}],"predecessor-version":[{"id":13692,"href":"https:\/\/blogdorogeriogomes.com.br\/noticias\/wp-json\/wp\/v2\/posts\/13690\/revisions\/13692"}],"wp:attachment":[{"href":"https:\/\/blogdorogeriogomes.com.br\/noticias\/wp-json\/wp\/v2\/media?parent=13690"}],"wp:term":[{"taxonomy":"category","embeddable":true,"href":"https:\/\/blogdorogeriogomes.com.br\/noticias\/wp-json\/wp\/v2\/categories?post=13690"},{"taxonomy":"post_tag","embeddable":true,"href":"https:\/\/blogdorogeriogomes.com.br\/noticias\/wp-json\/wp\/v2\/tags?post=13690"}],"curies":[{"name":"wp","href":"https:\/\/api.w.org\/{rel}","templated":true}]}}