{"id":13693,"date":"2019-08-21T22:19:45","date_gmt":"2019-08-21T22:19:45","guid":{"rendered":"http:\/\/blogdorogeriogomes.com.br\/?p=13693"},"modified":"2019-08-21T22:19:45","modified_gmt":"2019-08-21T22:19:45","slug":"itamaraty-usa-dados-dos-governos-lula-e-dilma-para-rebater-criticas-sobre-desmatamento","status":"publish","type":"post","link":"https:\/\/blogdorogeriogomes.com.br\/noticias\/2019\/08\/itamaraty-usa-dados-dos-governos-lula-e-dilma-para-rebater-criticas-sobre-desmatamento\/","title":{"rendered":"Itamaraty usa dados dos governos Lula e Dilma para rebater cr\u00edticas sobre desmatamento"},"content":{"rendered":"<p><img loading=\"lazy\" decoding=\"async\" class=\"alignnone size-medium wp-image-13694\" src=\"http:\/\/blogdorogeriogomes.com.br\/wp-content\/uploads\/2019\/08\/IMG_20190821_191243_198-300x211.jpg\" alt=\"IMG_20190821_191243_198\" width=\"300\" height=\"211\" srcset=\"https:\/\/blogdorogeriogomes.com.br\/noticias\/wp-content\/uploads\/2019\/08\/IMG_20190821_191243_198-300x211.jpg 300w, https:\/\/blogdorogeriogomes.com.br\/noticias\/wp-content\/uploads\/2019\/08\/IMG_20190821_191243_198-768x539.jpg 768w, https:\/\/blogdorogeriogomes.com.br\/noticias\/wp-content\/uploads\/2019\/08\/IMG_20190821_191243_198-1024x719.jpg 1024w, https:\/\/blogdorogeriogomes.com.br\/noticias\/wp-content\/uploads\/2019\/08\/IMG_20190821_191243_198.jpg 1140w\" sizes=\"auto, (max-width: 300px) 100vw, 300px\" \/><\/p>\n<p>Diplomatas brasileiros no Exterior est\u00e3o recebendo determina\u00e7\u00e3o do Governo Bolsonaro para defender o Pa\u00eds das cr\u00edticas de desmatamento na Amaz\u00f4nia. Os argumentos que est\u00e3o sendo repassados pela<br \/>\nSecretaria de Rela\u00e7\u00f5es Exteriores come\u00e7am afirmando que os \u00edndices de desmatamento na regi\u00e3o amaz\u00f4nica tiveram &#8220;redu\u00e7\u00e3o significativa, de 27.700 km\u00b2 em 2004 para 7.500 km\u00b2 em 2018 (redu\u00e7\u00e3o de 72%)&#8221;.<br \/>\nA comunica\u00e7\u00e3o do Itamaraty omite, no entanto, que nesse per\u00edodo s\u00f3 houve redu\u00e7\u00e3o no desmatamento entre 2004 e 2012, durante os dois mandatos de Luiz In\u00e1cio Lula da Silva e metade do primeiro de Dilma Rousseff. De 2012 para c\u00e1, os dados medidos pelo Instituto Nacional de Pesquisas Espaciais (Inpe) mostram crescimento quase cont\u00ednuo da derrubada de floresta.<br \/>\nOs n\u00fameros preliminares de 2019 t\u00eam indicado uma prov\u00e1vel piora da situa\u00e7\u00e3o: o sistema do Inpe aponta que o desmatamento na Amaz\u00f4nia Legal brasileira atingiu 920,4 km\u00b2 apenas no m\u00eas passado.<\/p>\n","protected":false},"excerpt":{"rendered":"<p>Diplomatas brasileiros no Exterior est\u00e3o recebendo determina\u00e7\u00e3o do Governo Bolsonaro para defender o Pa\u00eds das cr\u00edticas de desmatamento na Amaz\u00f4nia. Os argumentos que est\u00e3o sendo repassados pela Secretaria de Rela\u00e7\u00f5es Exteriores come\u00e7am afirmando que os \u00edndices de desmatamento na regi\u00e3o amaz\u00f4nica tiveram &#8220;redu\u00e7\u00e3o significativa, de 27.700 km\u00b2 em 2004 para 7.500 km\u00b2 em 2018 (redu\u00e7\u00e3o de 72%)&#8221;. A comunica\u00e7\u00e3o do Itamaraty omite, no entanto, que nesse per\u00edodo s\u00f3 houve redu\u00e7\u00e3o no desmatamento entre 2004 e 2012, durante os dois&hellip;<\/p>\n","protected":false},"author":1,"featured_media":0,"comment_status":"open","ping_status":"open","sticky":false,"template":"","format":"standard","meta":{"footnotes":""},"categories":[1],"tags":[],"class_list":["post-13693","post","type-post","status-publish","format-standard","hentry","category-noticias"],"_links":{"self":[{"href":"https:\/\/blogdorogeriogomes.com.br\/noticias\/wp-json\/wp\/v2\/posts\/13693","targetHints":{"allow":["GET"]}}],"collection":[{"href":"https:\/\/blogdorogeriogomes.com.br\/noticias\/wp-json\/wp\/v2\/posts"}],"about":[{"href":"https:\/\/blogdorogeriogomes.com.br\/noticias\/wp-json\/wp\/v2\/types\/post"}],"author":[{"embeddable":true,"href":"https:\/\/blogdorogeriogomes.com.br\/noticias\/wp-json\/wp\/v2\/users\/1"}],"replies":[{"embeddable":true,"href":"https:\/\/blogdorogeriogomes.com.br\/noticias\/wp-json\/wp\/v2\/comments?post=13693"}],"version-history":[{"count":1,"href":"https:\/\/blogdorogeriogomes.com.br\/noticias\/wp-json\/wp\/v2\/posts\/13693\/revisions"}],"predecessor-version":[{"id":13695,"href":"https:\/\/blogdorogeriogomes.com.br\/noticias\/wp-json\/wp\/v2\/posts\/13693\/revisions\/13695"}],"wp:attachment":[{"href":"https:\/\/blogdorogeriogomes.com.br\/noticias\/wp-json\/wp\/v2\/media?parent=13693"}],"wp:term":[{"taxonomy":"category","embeddable":true,"href":"https:\/\/blogdorogeriogomes.com.br\/noticias\/wp-json\/wp\/v2\/categories?post=13693"},{"taxonomy":"post_tag","embeddable":true,"href":"https:\/\/blogdorogeriogomes.com.br\/noticias\/wp-json\/wp\/v2\/tags?post=13693"}],"curies":[{"name":"wp","href":"https:\/\/api.w.org\/{rel}","templated":true}]}}