{"id":13699,"date":"2019-08-22T09:09:07","date_gmt":"2019-08-22T09:09:07","guid":{"rendered":"http:\/\/blogdorogeriogomes.com.br\/?p=13699"},"modified":"2019-08-22T09:09:07","modified_gmt":"2019-08-22T09:09:07","slug":"prefeitura-de-fortaleza-vai-implantar-primeiro-trinario-no-centro-da-capital","status":"publish","type":"post","link":"https:\/\/blogdorogeriogomes.com.br\/noticias\/2019\/08\/prefeitura-de-fortaleza-vai-implantar-primeiro-trinario-no-centro-da-capital\/","title":{"rendered":"Prefeitura de Fortaleza vai implantar primeiro trin\u00e1rio no Centro da Capital"},"content":{"rendered":"<p><img loading=\"lazy\" decoding=\"async\" class=\"alignnone size-medium wp-image-13700\" src=\"http:\/\/blogdorogeriogomes.com.br\/wp-content\/uploads\/2019\/08\/IMG_20190822_060507_127-300x300.jpg\" alt=\"IMG_20190822_060507_127\" width=\"300\" height=\"300\" srcset=\"https:\/\/blogdorogeriogomes.com.br\/noticias\/wp-content\/uploads\/2019\/08\/IMG_20190822_060507_127-300x300.jpg 300w, https:\/\/blogdorogeriogomes.com.br\/noticias\/wp-content\/uploads\/2019\/08\/IMG_20190822_060507_127-150x150.jpg 150w, https:\/\/blogdorogeriogomes.com.br\/noticias\/wp-content\/uploads\/2019\/08\/IMG_20190822_060507_127-768x768.jpg 768w, https:\/\/blogdorogeriogomes.com.br\/noticias\/wp-content\/uploads\/2019\/08\/IMG_20190822_060507_127-1024x1024.jpg 1024w, https:\/\/blogdorogeriogomes.com.br\/noticias\/wp-content\/uploads\/2019\/08\/IMG_20190822_060507_127.jpg 1836w\" sizes=\"auto, (max-width: 300px) 100vw, 300px\" \/><\/p>\n<p>A Prefeitura de Fortaleza vai implantar o primeiro trin\u00e1rio na \u00e1rea do Centro da Capital. O projeto tem a inten\u00e7\u00e3o de melhorar o transporte p\u00fablico, seguran\u00e7a e deslocamento de pedestres.<br \/>\nA iniciativa vai envolver, principalmente, a Avenida Duque de Caxias e as ruas Meton de Alencar e Clarindo de Queiroz. Al\u00e9m destas, todas as vias secund\u00e1rias que compreendem o entorno, no trecho entre a Avenida Padre Ibiapina e a Rua Nogueira Acioli, tamb\u00e9m ser\u00e3o beneficiadas.<br \/>\nA a\u00e7\u00e3o vai afetar diretamente a circula\u00e7\u00e3o de \u00f4nibus na Avenida Duque de Caxias e na Rua Meton de Alencar, reduzir o tempo de viagem para os usu\u00e1rios do transporte coletivo, bem como os \u00edndices de congestionamentos, beneficiando mais de 300 mil usu\u00e1rios do transporte p\u00fablico que circulam naquela regi\u00e3o todos os dias.<br \/>\nA implanta\u00e7\u00e3o do novo trin\u00e1rio ser\u00e1 apresentada nesta quinta-feira, dia 22 de agosto, em coletiva \u00e0 imprensa, pelo prefeito Roberto Cl\u00e1udio, no Pa\u00e7o Municipal.<\/p>\n","protected":false},"excerpt":{"rendered":"<p>A Prefeitura de Fortaleza vai implantar o primeiro trin\u00e1rio na \u00e1rea do Centro da Capital. O projeto tem a inten\u00e7\u00e3o de melhorar o transporte p\u00fablico, seguran\u00e7a e deslocamento de pedestres. A iniciativa vai envolver, principalmente, a Avenida Duque de Caxias e as ruas Meton de Alencar e Clarindo de Queiroz. Al\u00e9m destas, todas as vias secund\u00e1rias que compreendem o entorno, no trecho entre a Avenida Padre Ibiapina e a Rua Nogueira Acioli, tamb\u00e9m ser\u00e3o beneficiadas. A a\u00e7\u00e3o vai afetar&hellip;<\/p>\n","protected":false},"author":1,"featured_media":0,"comment_status":"open","ping_status":"open","sticky":false,"template":"","format":"standard","meta":{"footnotes":""},"categories":[1],"tags":[],"class_list":["post-13699","post","type-post","status-publish","format-standard","hentry","category-noticias"],"_links":{"self":[{"href":"https:\/\/blogdorogeriogomes.com.br\/noticias\/wp-json\/wp\/v2\/posts\/13699","targetHints":{"allow":["GET"]}}],"collection":[{"href":"https:\/\/blogdorogeriogomes.com.br\/noticias\/wp-json\/wp\/v2\/posts"}],"about":[{"href":"https:\/\/blogdorogeriogomes.com.br\/noticias\/wp-json\/wp\/v2\/types\/post"}],"author":[{"embeddable":true,"href":"https:\/\/blogdorogeriogomes.com.br\/noticias\/wp-json\/wp\/v2\/users\/1"}],"replies":[{"embeddable":true,"href":"https:\/\/blogdorogeriogomes.com.br\/noticias\/wp-json\/wp\/v2\/comments?post=13699"}],"version-history":[{"count":1,"href":"https:\/\/blogdorogeriogomes.com.br\/noticias\/wp-json\/wp\/v2\/posts\/13699\/revisions"}],"predecessor-version":[{"id":13701,"href":"https:\/\/blogdorogeriogomes.com.br\/noticias\/wp-json\/wp\/v2\/posts\/13699\/revisions\/13701"}],"wp:attachment":[{"href":"https:\/\/blogdorogeriogomes.com.br\/noticias\/wp-json\/wp\/v2\/media?parent=13699"}],"wp:term":[{"taxonomy":"category","embeddable":true,"href":"https:\/\/blogdorogeriogomes.com.br\/noticias\/wp-json\/wp\/v2\/categories?post=13699"},{"taxonomy":"post_tag","embeddable":true,"href":"https:\/\/blogdorogeriogomes.com.br\/noticias\/wp-json\/wp\/v2\/tags?post=13699"}],"curies":[{"name":"wp","href":"https:\/\/api.w.org\/{rel}","templated":true}]}}