{"id":13702,"date":"2019-08-22T15:11:13","date_gmt":"2019-08-22T15:11:13","guid":{"rendered":"http:\/\/blogdorogeriogomes.com.br\/?p=13702"},"modified":"2019-08-22T15:11:13","modified_gmt":"2019-08-22T15:11:13","slug":"secretario-de-saude-do-estado-vai-prestar-esclarecimentos-na-al-sobre-investimentos","status":"publish","type":"post","link":"https:\/\/blogdorogeriogomes.com.br\/noticias\/2019\/08\/secretario-de-saude-do-estado-vai-prestar-esclarecimentos-na-al-sobre-investimentos\/","title":{"rendered":"Secret\u00e1rio de Sa\u00fade do Estado vai prestar esclarecimentos na AL sobre investimentos"},"content":{"rendered":"<p><img loading=\"lazy\" decoding=\"async\" class=\"alignnone size-medium wp-image-13703\" src=\"http:\/\/blogdorogeriogomes.com.br\/wp-content\/uploads\/2019\/08\/IMG_20190822_120725_965-300x183.jpg\" alt=\"IMG_20190822_120725_965\" width=\"300\" height=\"183\" srcset=\"https:\/\/blogdorogeriogomes.com.br\/noticias\/wp-content\/uploads\/2019\/08\/IMG_20190822_120725_965-300x183.jpg 300w, https:\/\/blogdorogeriogomes.com.br\/noticias\/wp-content\/uploads\/2019\/08\/IMG_20190822_120725_965-768x469.jpg 768w, https:\/\/blogdorogeriogomes.com.br\/noticias\/wp-content\/uploads\/2019\/08\/IMG_20190822_120725_965-1024x625.jpg 1024w\" sizes=\"auto, (max-width: 300px) 100vw, 300px\" \/><\/p>\n<p>O Secret\u00e1rio de Sa\u00fade do Estado, Dr. Cabeto, deve ir \u00e0 Assembleia Legislativa na pr\u00f3xima ter\u00e7a-feira, dia 27 de agosto, para esclarecer aos deputados estaduais sobre o plano de investimentos do Governo do Cear\u00e1 para o setor. S\u00e3o previstos R$ 600 milh\u00f5es at\u00e9 2023.<br \/>\nUma das a\u00e7\u00f5es previstas \u00e9 a transfer\u00eancia do Hospital Geral Dr. C\u00e9sar Cals para o novo Hospital Universit\u00e1rio da Universidade Estadual do Cear\u00e1 (Uece), no campus do Itaperi, em Fortaleza.<br \/>\nA mensagem governamental, propondo as mudan\u00e7as, j\u00e1 tramita na Assembleia Legislativa. Na ter\u00e7a-feira, Dr. Cabeto vai falar aos deputados no plen\u00e1rio, quando dever\u00e1 esclarecer as d\u00favidas sobre a Plataforma de Moderniza\u00e7\u00e3o da Sa\u00fade.<\/p>\n","protected":false},"excerpt":{"rendered":"<p>O Secret\u00e1rio de Sa\u00fade do Estado, Dr. Cabeto, deve ir \u00e0 Assembleia Legislativa na pr\u00f3xima ter\u00e7a-feira, dia 27 de agosto, para esclarecer aos deputados estaduais sobre o plano de investimentos do Governo do Cear\u00e1 para o setor. S\u00e3o previstos R$ 600 milh\u00f5es at\u00e9 2023. Uma das a\u00e7\u00f5es previstas \u00e9 a transfer\u00eancia do Hospital Geral Dr. C\u00e9sar Cals para o novo Hospital Universit\u00e1rio da Universidade Estadual do Cear\u00e1 (Uece), no campus do Itaperi, em Fortaleza. A mensagem governamental, propondo as&hellip;<\/p>\n","protected":false},"author":1,"featured_media":0,"comment_status":"open","ping_status":"open","sticky":false,"template":"","format":"standard","meta":{"footnotes":""},"categories":[1],"tags":[],"class_list":["post-13702","post","type-post","status-publish","format-standard","hentry","category-noticias"],"_links":{"self":[{"href":"https:\/\/blogdorogeriogomes.com.br\/noticias\/wp-json\/wp\/v2\/posts\/13702","targetHints":{"allow":["GET"]}}],"collection":[{"href":"https:\/\/blogdorogeriogomes.com.br\/noticias\/wp-json\/wp\/v2\/posts"}],"about":[{"href":"https:\/\/blogdorogeriogomes.com.br\/noticias\/wp-json\/wp\/v2\/types\/post"}],"author":[{"embeddable":true,"href":"https:\/\/blogdorogeriogomes.com.br\/noticias\/wp-json\/wp\/v2\/users\/1"}],"replies":[{"embeddable":true,"href":"https:\/\/blogdorogeriogomes.com.br\/noticias\/wp-json\/wp\/v2\/comments?post=13702"}],"version-history":[{"count":1,"href":"https:\/\/blogdorogeriogomes.com.br\/noticias\/wp-json\/wp\/v2\/posts\/13702\/revisions"}],"predecessor-version":[{"id":13704,"href":"https:\/\/blogdorogeriogomes.com.br\/noticias\/wp-json\/wp\/v2\/posts\/13702\/revisions\/13704"}],"wp:attachment":[{"href":"https:\/\/blogdorogeriogomes.com.br\/noticias\/wp-json\/wp\/v2\/media?parent=13702"}],"wp:term":[{"taxonomy":"category","embeddable":true,"href":"https:\/\/blogdorogeriogomes.com.br\/noticias\/wp-json\/wp\/v2\/categories?post=13702"},{"taxonomy":"post_tag","embeddable":true,"href":"https:\/\/blogdorogeriogomes.com.br\/noticias\/wp-json\/wp\/v2\/tags?post=13702"}],"curies":[{"name":"wp","href":"https:\/\/api.w.org\/{rel}","templated":true}]}}