{"id":13705,"date":"2019-08-22T20:57:48","date_gmt":"2019-08-22T20:57:48","guid":{"rendered":"http:\/\/blogdorogeriogomes.com.br\/?p=13705"},"modified":"2019-08-22T20:57:48","modified_gmt":"2019-08-22T20:57:48","slug":"presidente-da-franca-classifica-incendio-na-amazonia-de-crise-internacional-e-convoca-g7","status":"publish","type":"post","link":"https:\/\/blogdorogeriogomes.com.br\/noticias\/2019\/08\/presidente-da-franca-classifica-incendio-na-amazonia-de-crise-internacional-e-convoca-g7\/","title":{"rendered":"Presidente da Fran\u00e7a classifica inc\u00eandio na Amaz\u00f4nia de &#8220;crise internacional&#8221; e convoca G7"},"content":{"rendered":"<p><img loading=\"lazy\" decoding=\"async\" class=\"alignnone size-medium wp-image-13706\" src=\"http:\/\/blogdorogeriogomes.com.br\/wp-content\/uploads\/2019\/08\/IMG_20190822_174556_519-300x214.jpg\" alt=\"IMG_20190822_174556_519\" width=\"300\" height=\"214\" srcset=\"https:\/\/blogdorogeriogomes.com.br\/noticias\/wp-content\/uploads\/2019\/08\/IMG_20190822_174556_519-300x214.jpg 300w, https:\/\/blogdorogeriogomes.com.br\/noticias\/wp-content\/uploads\/2019\/08\/IMG_20190822_174556_519-768x547.jpg 768w, https:\/\/blogdorogeriogomes.com.br\/noticias\/wp-content\/uploads\/2019\/08\/IMG_20190822_174556_519-1024x730.jpg 1024w, https:\/\/blogdorogeriogomes.com.br\/noticias\/wp-content\/uploads\/2019\/08\/IMG_20190822_174556_519.jpg 1796w\" sizes=\"auto, (max-width: 300px) 100vw, 300px\" \/><\/p>\n<p>Enquanto o presidente Jair Bolsonaro segue distribuindo bravatas nas coletivas que d\u00e1 a imprensa, a repercuss\u00e3o internacional dos inc\u00eandios e desmatamento da Amaz\u00f4nia vai ganhando contornos que podem gerar ainda mais preju\u00edzo ao Pa\u00eds. E que poder\u00e3o vir atrav\u00e9s de boicotes internacionais, prejudicando diretamente quem depende das exporta\u00e7\u00f5es.<br \/>\nO presidente da Fran\u00e7a, Emmanuel Macron (foto), pelo Twitter, classificou o aumento dos casos de inc\u00eandios como &#8220;crise internacional&#8221;. Ele anunciou que colocou o assunto brasileiro no centro da agenda da reuni\u00e3o de c\u00fapula do G7, neste fim de semana, na Fran\u00e7a.<br \/>\nEnquanto isso, a resposta do Governo Brasileiro veio atrav\u00e9s do ministro da Casa Civil, Onyx Lorenzoni. Ele disse que o discurso de pa\u00edses europeus sobre o desmatamento na Amaz\u00f4nia \u00e9 uma pol\u00edtica para criar barreiras ao Brasil. &#8220;O Brasil \u00e9 um pa\u00eds que cuida muito bem do seu meio ambiente. N\u00f3s n\u00e3o precisamos de li\u00e7\u00e3o de ningu\u00e9m.&#8221; Pior do que essa, s\u00f3 Bolsonaro querendo culpar as Organiza\u00e7\u00f5es N\u00e3o Governamentais (ONGs) pelos inc\u00eandios.<br \/>\nAt\u00e9 quando o Governo Brasileiro vai querer fechar os olhos para a crise ambiental j\u00e1 devidamente retratada por organismos internos e do exterior? Os preju\u00edzos econ\u00f4micos e de retalia\u00e7\u00e3o internacional ser\u00e3o ainda maiores para o Pa\u00eds se Bolsonaro e seus ministros continuarem com esse discurso delirante de que \u201cest\u00e1 tudo sob controle\u201d.<\/p>\n","protected":false},"excerpt":{"rendered":"<p>Enquanto o presidente Jair Bolsonaro segue distribuindo bravatas nas coletivas que d\u00e1 a imprensa, a repercuss\u00e3o internacional dos inc\u00eandios e desmatamento da Amaz\u00f4nia vai ganhando contornos que podem gerar ainda mais preju\u00edzo ao Pa\u00eds. E que poder\u00e3o vir atrav\u00e9s de boicotes internacionais, prejudicando diretamente quem depende das exporta\u00e7\u00f5es. O presidente da Fran\u00e7a, Emmanuel Macron (foto), pelo Twitter, classificou o aumento dos casos de inc\u00eandios como &#8220;crise internacional&#8221;. Ele anunciou que colocou o assunto brasileiro no centro da agenda da&hellip;<\/p>\n","protected":false},"author":1,"featured_media":0,"comment_status":"open","ping_status":"open","sticky":false,"template":"","format":"standard","meta":{"footnotes":""},"categories":[1],"tags":[],"class_list":["post-13705","post","type-post","status-publish","format-standard","hentry","category-noticias"],"_links":{"self":[{"href":"https:\/\/blogdorogeriogomes.com.br\/noticias\/wp-json\/wp\/v2\/posts\/13705","targetHints":{"allow":["GET"]}}],"collection":[{"href":"https:\/\/blogdorogeriogomes.com.br\/noticias\/wp-json\/wp\/v2\/posts"}],"about":[{"href":"https:\/\/blogdorogeriogomes.com.br\/noticias\/wp-json\/wp\/v2\/types\/post"}],"author":[{"embeddable":true,"href":"https:\/\/blogdorogeriogomes.com.br\/noticias\/wp-json\/wp\/v2\/users\/1"}],"replies":[{"embeddable":true,"href":"https:\/\/blogdorogeriogomes.com.br\/noticias\/wp-json\/wp\/v2\/comments?post=13705"}],"version-history":[{"count":1,"href":"https:\/\/blogdorogeriogomes.com.br\/noticias\/wp-json\/wp\/v2\/posts\/13705\/revisions"}],"predecessor-version":[{"id":13707,"href":"https:\/\/blogdorogeriogomes.com.br\/noticias\/wp-json\/wp\/v2\/posts\/13705\/revisions\/13707"}],"wp:attachment":[{"href":"https:\/\/blogdorogeriogomes.com.br\/noticias\/wp-json\/wp\/v2\/media?parent=13705"}],"wp:term":[{"taxonomy":"category","embeddable":true,"href":"https:\/\/blogdorogeriogomes.com.br\/noticias\/wp-json\/wp\/v2\/categories?post=13705"},{"taxonomy":"post_tag","embeddable":true,"href":"https:\/\/blogdorogeriogomes.com.br\/noticias\/wp-json\/wp\/v2\/tags?post=13705"}],"curies":[{"name":"wp","href":"https:\/\/api.w.org\/{rel}","templated":true}]}}