{"id":13708,"date":"2019-08-23T08:25:24","date_gmt":"2019-08-23T08:25:24","guid":{"rendered":"http:\/\/blogdorogeriogomes.com.br\/?p=13708"},"modified":"2019-08-23T08:25:24","modified_gmt":"2019-08-23T08:25:24","slug":"tasso-jereissati-adia-leitura-do-relatorio-da-reforma-da-previdencia-no-senado","status":"publish","type":"post","link":"https:\/\/blogdorogeriogomes.com.br\/noticias\/2019\/08\/tasso-jereissati-adia-leitura-do-relatorio-da-reforma-da-previdencia-no-senado\/","title":{"rendered":"Tasso Jereissati adia leitura do relat\u00f3rio da reforma da Previd\u00eancia no Senado"},"content":{"rendered":"<p><img loading=\"lazy\" decoding=\"async\" class=\"alignnone size-medium wp-image-13709\" src=\"http:\/\/blogdorogeriogomes.com.br\/wp-content\/uploads\/2019\/08\/IMG_20190823_052105_603-300x278.jpg\" alt=\"IMG_20190823_052105_603\" width=\"300\" height=\"278\" srcset=\"https:\/\/blogdorogeriogomes.com.br\/noticias\/wp-content\/uploads\/2019\/08\/IMG_20190823_052105_603-300x278.jpg 300w, https:\/\/blogdorogeriogomes.com.br\/noticias\/wp-content\/uploads\/2019\/08\/IMG_20190823_052105_603.jpg 461w\" sizes=\"auto, (max-width: 300px) 100vw, 300px\" \/><\/p>\n<p>O relator da reforma da Previd\u00eancia no Senado, Tasso Jereissati, do PSDB do Cear\u00e1, n\u00e3o vai mais apresentar o seu parecer nesta sexta-feira, dia 23 de agosto, como estava previsto. Ele explicou que precisa de mais tempo para concluir o seu parecer e admitiu que isso pode atrasar em quatro ou cinco dias o calend\u00e1rio de tramita\u00e7\u00e3o da reforma, que prev\u00ea a conclus\u00e3o da vota\u00e7\u00e3o em plen\u00e1rio na primeira semana de outubro.<br \/>\nTasso avalia que a indica\u00e7\u00e3o de Eduardo Bolsonaro (PSL-SP) para a embaixada em Washington, nos EUA, poder\u00e1 atrapalhar o andamento da reforma da Previd\u00eancia na Casa. A indica\u00e7\u00e3o ainda n\u00e3o foi oficializada pelo pai Jair Bolsonaro. \u201cProvavelmente, vai criar m\u00e1 vontade onde n\u00e3o existe\u201d, disse Tasso.<\/p>\n","protected":false},"excerpt":{"rendered":"<p>O relator da reforma da Previd\u00eancia no Senado, Tasso Jereissati, do PSDB do Cear\u00e1, n\u00e3o vai mais apresentar o seu parecer nesta sexta-feira, dia 23 de agosto, como estava previsto. Ele explicou que precisa de mais tempo para concluir o seu parecer e admitiu que isso pode atrasar em quatro ou cinco dias o calend\u00e1rio de tramita\u00e7\u00e3o da reforma, que prev\u00ea a conclus\u00e3o da vota\u00e7\u00e3o em plen\u00e1rio na primeira semana de outubro. Tasso avalia que a indica\u00e7\u00e3o de Eduardo&hellip;<\/p>\n","protected":false},"author":1,"featured_media":0,"comment_status":"open","ping_status":"open","sticky":false,"template":"","format":"standard","meta":{"footnotes":""},"categories":[1],"tags":[],"class_list":["post-13708","post","type-post","status-publish","format-standard","hentry","category-noticias"],"_links":{"self":[{"href":"https:\/\/blogdorogeriogomes.com.br\/noticias\/wp-json\/wp\/v2\/posts\/13708","targetHints":{"allow":["GET"]}}],"collection":[{"href":"https:\/\/blogdorogeriogomes.com.br\/noticias\/wp-json\/wp\/v2\/posts"}],"about":[{"href":"https:\/\/blogdorogeriogomes.com.br\/noticias\/wp-json\/wp\/v2\/types\/post"}],"author":[{"embeddable":true,"href":"https:\/\/blogdorogeriogomes.com.br\/noticias\/wp-json\/wp\/v2\/users\/1"}],"replies":[{"embeddable":true,"href":"https:\/\/blogdorogeriogomes.com.br\/noticias\/wp-json\/wp\/v2\/comments?post=13708"}],"version-history":[{"count":1,"href":"https:\/\/blogdorogeriogomes.com.br\/noticias\/wp-json\/wp\/v2\/posts\/13708\/revisions"}],"predecessor-version":[{"id":13710,"href":"https:\/\/blogdorogeriogomes.com.br\/noticias\/wp-json\/wp\/v2\/posts\/13708\/revisions\/13710"}],"wp:attachment":[{"href":"https:\/\/blogdorogeriogomes.com.br\/noticias\/wp-json\/wp\/v2\/media?parent=13708"}],"wp:term":[{"taxonomy":"category","embeddable":true,"href":"https:\/\/blogdorogeriogomes.com.br\/noticias\/wp-json\/wp\/v2\/categories?post=13708"},{"taxonomy":"post_tag","embeddable":true,"href":"https:\/\/blogdorogeriogomes.com.br\/noticias\/wp-json\/wp\/v2\/tags?post=13708"}],"curies":[{"name":"wp","href":"https:\/\/api.w.org\/{rel}","templated":true}]}}