{"id":13714,"date":"2019-08-24T12:48:03","date_gmt":"2019-08-24T12:48:03","guid":{"rendered":"http:\/\/blogdorogeriogomes.com.br\/?p=13714"},"modified":"2019-08-24T12:48:03","modified_gmt":"2019-08-24T12:48:03","slug":"situacao-de-sergio-moro-no-governo-e-de-desgaste-e-ja-ha-quem-aposte-em-saida-do-ministro","status":"publish","type":"post","link":"https:\/\/blogdorogeriogomes.com.br\/noticias\/2019\/08\/situacao-de-sergio-moro-no-governo-e-de-desgaste-e-ja-ha-quem-aposte-em-saida-do-ministro\/","title":{"rendered":"Situa\u00e7\u00e3o de S\u00e9rgio Moro no Governo \u00e9 de desgaste e j\u00e1 h\u00e1 quem aposte em sa\u00edda do ministro"},"content":{"rendered":"<p><img loading=\"lazy\" decoding=\"async\" class=\"alignnone size-medium wp-image-13715\" src=\"http:\/\/blogdorogeriogomes.com.br\/wp-content\/uploads\/2019\/08\/IMG_20190824_094318_232-300x206.jpg\" alt=\"IMG_20190824_094318_232\" width=\"300\" height=\"206\" srcset=\"https:\/\/blogdorogeriogomes.com.br\/noticias\/wp-content\/uploads\/2019\/08\/IMG_20190824_094318_232-300x206.jpg 300w, https:\/\/blogdorogeriogomes.com.br\/noticias\/wp-content\/uploads\/2019\/08\/IMG_20190824_094318_232.jpg 659w\" sizes=\"auto, (max-width: 300px) 100vw, 300px\" \/><\/p>\n<p>As interfer\u00eancias do presidente Jair Bolsonaro em \u00f3rg\u00e3os como Pol\u00edcia Federal, Coaf e Receita Federal n\u00e3o causaram inc\u00f4modo s\u00f3 aos servidores dessas institui\u00e7\u00f5es. O ministro da Justi\u00e7a, S\u00e9rgio Moro, ainda se mant\u00e9m calado, mas o desgaste dele \u00e9 evidente. Al\u00e9m das revela\u00e7\u00f5es da \u201cVaza Jato\u201d, em que Moro aparece em a\u00e7\u00f5es pouco institucionais com membros do Minist\u00e9rio P\u00fablico, o ministro tem sofrido seguidas derrotas no Governo ao ponto de Bolsonaro desautorizar falas do Moro quanto a indica\u00e7\u00f5es de cargos na PF. \u201cQuem manda no Governo sou eu\u201d, disse o presidente.<br \/>\nMat\u00e9ria do Jornal O Globo mostra neste s\u00e1bado, dia 24 de agosto, que o clima entre Bolsonaro e Moro n\u00e3o \u00e9 dos melhores. &#8220;Se o senhor n\u00e3o pode ajudar, por favor n\u00e3o atrapalhe&#8221;, disse Bolsonaro a Moro, numa tensa reuni\u00e3o ocorrida em 28 de julho, segundo relato do jornalista Jailton Carvalho. O estopim da crise foi um pedido feito por Moro ao ministro Dias Toffoli, do Supremo Tribunal Federal, para que ele revisse uma decis\u00e3o que blindou o senador Fl\u00e1vio Bolsonaro (PSL-RJ), envolvido no caso Queiroz.<br \/>\nAl\u00e9m da revela\u00e7\u00e3o de que Jair Bolsonaro pode inviabilizar a presen\u00e7a de Moro no Governo, a jornalista M\u00f4nica Bergamo, da Folha de S\u00e3o Paulo, analisa em sua coluna que a c\u00fapula da PF tamb\u00e9m aposta na sa\u00edda do ex-juiz caso o Pal\u00e1cio do Planalto decida mesmo interferir na superintend\u00eancia do Rio de Janeiro, para abafar o caso Queiroz, ou demitir o diretor-geral Maur\u00edcio Valeixo, indicado por Moro.<\/p>\n","protected":false},"excerpt":{"rendered":"<p>As interfer\u00eancias do presidente Jair Bolsonaro em \u00f3rg\u00e3os como Pol\u00edcia Federal, Coaf e Receita Federal n\u00e3o causaram inc\u00f4modo s\u00f3 aos servidores dessas institui\u00e7\u00f5es. O ministro da Justi\u00e7a, S\u00e9rgio Moro, ainda se mant\u00e9m calado, mas o desgaste dele \u00e9 evidente. Al\u00e9m das revela\u00e7\u00f5es da \u201cVaza Jato\u201d, em que Moro aparece em a\u00e7\u00f5es pouco institucionais com membros do Minist\u00e9rio P\u00fablico, o ministro tem sofrido seguidas derrotas no Governo ao ponto de Bolsonaro desautorizar falas do Moro quanto a indica\u00e7\u00f5es de cargos&hellip;<\/p>\n","protected":false},"author":1,"featured_media":0,"comment_status":"open","ping_status":"open","sticky":false,"template":"","format":"standard","meta":{"footnotes":""},"categories":[1],"tags":[],"class_list":["post-13714","post","type-post","status-publish","format-standard","hentry","category-noticias"],"_links":{"self":[{"href":"https:\/\/blogdorogeriogomes.com.br\/noticias\/wp-json\/wp\/v2\/posts\/13714","targetHints":{"allow":["GET"]}}],"collection":[{"href":"https:\/\/blogdorogeriogomes.com.br\/noticias\/wp-json\/wp\/v2\/posts"}],"about":[{"href":"https:\/\/blogdorogeriogomes.com.br\/noticias\/wp-json\/wp\/v2\/types\/post"}],"author":[{"embeddable":true,"href":"https:\/\/blogdorogeriogomes.com.br\/noticias\/wp-json\/wp\/v2\/users\/1"}],"replies":[{"embeddable":true,"href":"https:\/\/blogdorogeriogomes.com.br\/noticias\/wp-json\/wp\/v2\/comments?post=13714"}],"version-history":[{"count":1,"href":"https:\/\/blogdorogeriogomes.com.br\/noticias\/wp-json\/wp\/v2\/posts\/13714\/revisions"}],"predecessor-version":[{"id":13716,"href":"https:\/\/blogdorogeriogomes.com.br\/noticias\/wp-json\/wp\/v2\/posts\/13714\/revisions\/13716"}],"wp:attachment":[{"href":"https:\/\/blogdorogeriogomes.com.br\/noticias\/wp-json\/wp\/v2\/media?parent=13714"}],"wp:term":[{"taxonomy":"category","embeddable":true,"href":"https:\/\/blogdorogeriogomes.com.br\/noticias\/wp-json\/wp\/v2\/categories?post=13714"},{"taxonomy":"post_tag","embeddable":true,"href":"https:\/\/blogdorogeriogomes.com.br\/noticias\/wp-json\/wp\/v2\/tags?post=13714"}],"curies":[{"name":"wp","href":"https:\/\/api.w.org\/{rel}","templated":true}]}}