{"id":13717,"date":"2019-08-24T13:18:51","date_gmt":"2019-08-24T13:18:51","guid":{"rendered":"http:\/\/blogdorogeriogomes.com.br\/?p=13717"},"modified":"2019-08-24T13:18:51","modified_gmt":"2019-08-24T13:18:51","slug":"uniao-europeia-avalia-se-incendios-na-amazonia-podem-afetar-acordo-com-mercosul","status":"publish","type":"post","link":"https:\/\/blogdorogeriogomes.com.br\/noticias\/2019\/08\/uniao-europeia-avalia-se-incendios-na-amazonia-podem-afetar-acordo-com-mercosul\/","title":{"rendered":"Uni\u00e3o Europeia avalia se inc\u00eandios na Amaz\u00f4nia podem afetar acordo com Mercosul"},"content":{"rendered":"<p><img loading=\"lazy\" decoding=\"async\" class=\"alignnone size-medium wp-image-13718\" src=\"http:\/\/blogdorogeriogomes.com.br\/wp-content\/uploads\/2019\/08\/IMG_20190824_101040_526-300x183.jpg\" alt=\"IMG_20190824_101040_526\" width=\"300\" height=\"183\" srcset=\"https:\/\/blogdorogeriogomes.com.br\/noticias\/wp-content\/uploads\/2019\/08\/IMG_20190824_101040_526-300x183.jpg 300w, https:\/\/blogdorogeriogomes.com.br\/noticias\/wp-content\/uploads\/2019\/08\/IMG_20190824_101040_526.jpg 552w\" sizes=\"auto, (max-width: 300px) 100vw, 300px\" \/><\/p>\n<p>Enquanto o presidente Jair Bolsonaro tenta correr atr\u00e1s do preju\u00edzo para conter os inc\u00eandios na Amaz\u00f4nia, o presidente do Conselho Europeu, Donald Tusk, alerta que seria &#8220;dif\u00edcil imaginar&#8221; um acordo entre a UE e o Mercosul enquanto a Amaz\u00f4nia permanecer em chamas. As declara\u00e7\u00f5es ocorrem \u00e0s v\u00e9speras do in\u00edcio da c\u00fapula do G7, em Biarritz, e que ter\u00e1 em sua agenda a situa\u00e7\u00e3o no Brasil.<br \/>\nBolsonaro tentou explicar a popula\u00e7\u00e3o brasileira, em cadeia nacional de r\u00e1dio e TV, na sexta-feira, dia 23 de agosto, os motivos da devasta\u00e7\u00e3o na Amaz\u00f4nia. Foi brindado com um panela\u00e7o de protesto em v\u00e1rias capitais brasileiras, inclusive, em Fortaleza.<br \/>\nO ministro do Meio Ambiente, Ricardo Salles, em raz\u00e3o de seu discurso pr\u00f3-ruralistas e pr\u00f3-mineradoras, foi prestigiado por Jair Bolsonaro, em reuni\u00e3o ministerial ocorrida na sexta-feira. &#8220;N\u00e3o teria melhor ministro aqui cuidando disso&#8221;, disse o presidente.<\/p>\n","protected":false},"excerpt":{"rendered":"<p>Enquanto o presidente Jair Bolsonaro tenta correr atr\u00e1s do preju\u00edzo para conter os inc\u00eandios na Amaz\u00f4nia, o presidente do Conselho Europeu, Donald Tusk, alerta que seria &#8220;dif\u00edcil imaginar&#8221; um acordo entre a UE e o Mercosul enquanto a Amaz\u00f4nia permanecer em chamas. As declara\u00e7\u00f5es ocorrem \u00e0s v\u00e9speras do in\u00edcio da c\u00fapula do G7, em Biarritz, e que ter\u00e1 em sua agenda a situa\u00e7\u00e3o no Brasil. Bolsonaro tentou explicar a popula\u00e7\u00e3o brasileira, em cadeia nacional de r\u00e1dio e TV, na&hellip;<\/p>\n","protected":false},"author":1,"featured_media":0,"comment_status":"open","ping_status":"open","sticky":false,"template":"","format":"standard","meta":{"footnotes":""},"categories":[1],"tags":[],"class_list":["post-13717","post","type-post","status-publish","format-standard","hentry","category-noticias"],"_links":{"self":[{"href":"https:\/\/blogdorogeriogomes.com.br\/noticias\/wp-json\/wp\/v2\/posts\/13717","targetHints":{"allow":["GET"]}}],"collection":[{"href":"https:\/\/blogdorogeriogomes.com.br\/noticias\/wp-json\/wp\/v2\/posts"}],"about":[{"href":"https:\/\/blogdorogeriogomes.com.br\/noticias\/wp-json\/wp\/v2\/types\/post"}],"author":[{"embeddable":true,"href":"https:\/\/blogdorogeriogomes.com.br\/noticias\/wp-json\/wp\/v2\/users\/1"}],"replies":[{"embeddable":true,"href":"https:\/\/blogdorogeriogomes.com.br\/noticias\/wp-json\/wp\/v2\/comments?post=13717"}],"version-history":[{"count":1,"href":"https:\/\/blogdorogeriogomes.com.br\/noticias\/wp-json\/wp\/v2\/posts\/13717\/revisions"}],"predecessor-version":[{"id":13719,"href":"https:\/\/blogdorogeriogomes.com.br\/noticias\/wp-json\/wp\/v2\/posts\/13717\/revisions\/13719"}],"wp:attachment":[{"href":"https:\/\/blogdorogeriogomes.com.br\/noticias\/wp-json\/wp\/v2\/media?parent=13717"}],"wp:term":[{"taxonomy":"category","embeddable":true,"href":"https:\/\/blogdorogeriogomes.com.br\/noticias\/wp-json\/wp\/v2\/categories?post=13717"},{"taxonomy":"post_tag","embeddable":true,"href":"https:\/\/blogdorogeriogomes.com.br\/noticias\/wp-json\/wp\/v2\/tags?post=13717"}],"curies":[{"name":"wp","href":"https:\/\/api.w.org\/{rel}","templated":true}]}}