{"id":13721,"date":"2019-08-26T09:16:39","date_gmt":"2019-08-26T09:16:39","guid":{"rendered":"http:\/\/blogdorogeriogomes.com.br\/?p=13721"},"modified":"2019-08-26T09:16:39","modified_gmt":"2019-08-26T09:16:39","slug":"prefeitura-de-fortaleza-lanca-projeto-integracao-idiomas-para-alunos-da-rede-municipal","status":"publish","type":"post","link":"https:\/\/blogdorogeriogomes.com.br\/noticias\/2019\/08\/prefeitura-de-fortaleza-lanca-projeto-integracao-idiomas-para-alunos-da-rede-municipal\/","title":{"rendered":"Prefeitura de Fortaleza lan\u00e7a projeto Integra\u00e7\u00e3o Idiomas para alunos da rede municipal"},"content":{"rendered":"<p><img loading=\"lazy\" decoding=\"async\" class=\"alignnone size-medium wp-image-13722\" src=\"http:\/\/blogdorogeriogomes.com.br\/wp-content\/uploads\/2019\/08\/IMG_20190826_060938_233-300x238.jpg\" alt=\"IMG_20190826_060938_233\" width=\"300\" height=\"238\" srcset=\"https:\/\/blogdorogeriogomes.com.br\/noticias\/wp-content\/uploads\/2019\/08\/IMG_20190826_060938_233-300x238.jpg 300w, https:\/\/blogdorogeriogomes.com.br\/noticias\/wp-content\/uploads\/2019\/08\/IMG_20190826_060938_233-768x610.jpg 768w, https:\/\/blogdorogeriogomes.com.br\/noticias\/wp-content\/uploads\/2019\/08\/IMG_20190826_060938_233-1024x813.jpg 1024w, https:\/\/blogdorogeriogomes.com.br\/noticias\/wp-content\/uploads\/2019\/08\/IMG_20190826_060938_233.jpg 1421w\" sizes=\"auto, (max-width: 300px) 100vw, 300px\" \/><\/p>\n<p>O prefeito de Fortaleza, Roberto Cl\u00e1udio, lan\u00e7a, nesta segunda-feira, dia 26 de agosto, o projeto Integra\u00e7\u00e3o Idiomas. A iniciativa, realizada por meio da Secretaria da Educa\u00e7\u00e3o e do Imparh, tem como objetivo promover a pr\u00e1tica de l\u00ednguas estrangeiras a alunos da Rede Municipal de Ensino no contraturno escolar, al\u00e9m de fortalecer a aprendizagem dos alunos.<br \/>\nO Projeto Integra\u00e7\u00e3o Idiomas contemplar\u00e1 400 estudantes do 8\u00ba ano, que ir\u00e3o cursar quatro semestres letivos das l\u00ednguas estrangeiras de Ingl\u00eas e Espanhol, distribu\u00eddos em quatro m\u00f3dulos, incluindo, ainda, a oportunidade de fortalecer os conhecimentos em L\u00edngua Portuguesa e Matem\u00e1tica.<\/p>\n","protected":false},"excerpt":{"rendered":"<p>O prefeito de Fortaleza, Roberto Cl\u00e1udio, lan\u00e7a, nesta segunda-feira, dia 26 de agosto, o projeto Integra\u00e7\u00e3o Idiomas. A iniciativa, realizada por meio da Secretaria da Educa\u00e7\u00e3o e do Imparh, tem como objetivo promover a pr\u00e1tica de l\u00ednguas estrangeiras a alunos da Rede Municipal de Ensino no contraturno escolar, al\u00e9m de fortalecer a aprendizagem dos alunos. O Projeto Integra\u00e7\u00e3o Idiomas contemplar\u00e1 400 estudantes do 8\u00ba ano, que ir\u00e3o cursar quatro semestres letivos das l\u00ednguas estrangeiras de Ingl\u00eas e Espanhol, distribu\u00eddos&hellip;<\/p>\n","protected":false},"author":1,"featured_media":0,"comment_status":"open","ping_status":"open","sticky":false,"template":"","format":"standard","meta":{"footnotes":""},"categories":[1],"tags":[],"class_list":["post-13721","post","type-post","status-publish","format-standard","hentry","category-noticias"],"_links":{"self":[{"href":"https:\/\/blogdorogeriogomes.com.br\/noticias\/wp-json\/wp\/v2\/posts\/13721","targetHints":{"allow":["GET"]}}],"collection":[{"href":"https:\/\/blogdorogeriogomes.com.br\/noticias\/wp-json\/wp\/v2\/posts"}],"about":[{"href":"https:\/\/blogdorogeriogomes.com.br\/noticias\/wp-json\/wp\/v2\/types\/post"}],"author":[{"embeddable":true,"href":"https:\/\/blogdorogeriogomes.com.br\/noticias\/wp-json\/wp\/v2\/users\/1"}],"replies":[{"embeddable":true,"href":"https:\/\/blogdorogeriogomes.com.br\/noticias\/wp-json\/wp\/v2\/comments?post=13721"}],"version-history":[{"count":1,"href":"https:\/\/blogdorogeriogomes.com.br\/noticias\/wp-json\/wp\/v2\/posts\/13721\/revisions"}],"predecessor-version":[{"id":13723,"href":"https:\/\/blogdorogeriogomes.com.br\/noticias\/wp-json\/wp\/v2\/posts\/13721\/revisions\/13723"}],"wp:attachment":[{"href":"https:\/\/blogdorogeriogomes.com.br\/noticias\/wp-json\/wp\/v2\/media?parent=13721"}],"wp:term":[{"taxonomy":"category","embeddable":true,"href":"https:\/\/blogdorogeriogomes.com.br\/noticias\/wp-json\/wp\/v2\/categories?post=13721"},{"taxonomy":"post_tag","embeddable":true,"href":"https:\/\/blogdorogeriogomes.com.br\/noticias\/wp-json\/wp\/v2\/tags?post=13721"}],"curies":[{"name":"wp","href":"https:\/\/api.w.org\/{rel}","templated":true}]}}