{"id":13724,"date":"2019-08-26T09:21:33","date_gmt":"2019-08-26T09:21:33","guid":{"rendered":"http:\/\/blogdorogeriogomes.com.br\/?p=13724"},"modified":"2019-08-26T09:21:33","modified_gmt":"2019-08-26T09:21:33","slug":"paises-europeus-decidem-ajudar-o-brasil-no-combate-aos-incendios-na-amazonia","status":"publish","type":"post","link":"https:\/\/blogdorogeriogomes.com.br\/noticias\/2019\/08\/paises-europeus-decidem-ajudar-o-brasil-no-combate-aos-incendios-na-amazonia\/","title":{"rendered":"Pa\u00edses europeus decidem ajudar o Brasil no combate aos inc\u00eandios na Amaz\u00f4nia"},"content":{"rendered":"<p><img loading=\"lazy\" decoding=\"async\" class=\"alignnone size-medium wp-image-13725\" src=\"http:\/\/blogdorogeriogomes.com.br\/wp-content\/uploads\/2019\/08\/IMG_20190826_061755_214-300x169.jpg\" alt=\"IMG_20190826_061755_214\" width=\"300\" height=\"169\" srcset=\"https:\/\/blogdorogeriogomes.com.br\/noticias\/wp-content\/uploads\/2019\/08\/IMG_20190826_061755_214-300x169.jpg 300w, https:\/\/blogdorogeriogomes.com.br\/noticias\/wp-content\/uploads\/2019\/08\/IMG_20190826_061755_214.jpg 400w\" sizes=\"auto, (max-width: 300px) 100vw, 300px\" \/><\/p>\n<p><span style=\"font-size: 0.8rem;\">A reuni\u00e3o do G7 na Fran\u00e7a, no fim de semana, trouxe um alento quanto ao apoio da Europa ao combate dos inc\u00eandios registrados na Amaz\u00f4nia. Aa queimadas na Amaz\u00f4nia e acordos entre Mercosul e Uni\u00e3o Europeia (UE) dominaram as discuss\u00f5es da c\u00fapula do G7. L\u00edderes europeus endossaram as cr\u00edticas feitas pelo presidente franc\u00eas, Emmanuel Macron, \u00e0 pol\u00edtica ambiental de Jair Bolsonaro, mas n\u00e3o concordaram em usar o tratado entre os dois blocos (Mercosul e UE) como instrumento de puni\u00e7\u00e3o ao Brasil, como proposto por Macron.\u00a0<\/span><\/p>\n<p>O G7 \u00e9 um grupo internacional formado pelos sete pa\u00edses mais industrializados do mundo: Alemanha, Estados Unidos, Canad\u00e1, Fran\u00e7a, It\u00e1lia, Jap\u00e3o e Reino Unido.<br \/>\nH\u00e1 de se entender que decis\u00f5es tomadas pelo governo Bolsonaro fragilizaram as pol\u00edticas de controle ambiental no pa\u00eds e podem ter contribu\u00eddo para o aumento do desmate registrado pelos alertas do Instituto Nacional de Pesquisas Espaciais (Inpe) nos \u00faltimos meses.<br \/>\nAs mudan\u00e7as nas pol\u00edticas do Minist\u00e9rio do Meio Ambiente seguem roteiro de anula\u00e7\u00e3o de multas, exonera\u00e7\u00e3o de servidores e, por fim, enfraquecimento das garantias de \u00e1reas protegidas.<\/p>\n","protected":false},"excerpt":{"rendered":"<p>A reuni\u00e3o do G7 na Fran\u00e7a, no fim de semana, trouxe um alento quanto ao apoio da Europa ao combate dos inc\u00eandios registrados na Amaz\u00f4nia. Aa queimadas na Amaz\u00f4nia e acordos entre Mercosul e Uni\u00e3o Europeia (UE) dominaram as discuss\u00f5es da c\u00fapula do G7. L\u00edderes europeus endossaram as cr\u00edticas feitas pelo presidente franc\u00eas, Emmanuel Macron, \u00e0 pol\u00edtica ambiental de Jair Bolsonaro, mas n\u00e3o concordaram em usar o tratado entre os dois blocos (Mercosul e UE) como instrumento de puni\u00e7\u00e3o&hellip;<\/p>\n","protected":false},"author":1,"featured_media":0,"comment_status":"open","ping_status":"open","sticky":false,"template":"","format":"standard","meta":{"footnotes":""},"categories":[1],"tags":[],"class_list":["post-13724","post","type-post","status-publish","format-standard","hentry","category-noticias"],"_links":{"self":[{"href":"https:\/\/blogdorogeriogomes.com.br\/noticias\/wp-json\/wp\/v2\/posts\/13724","targetHints":{"allow":["GET"]}}],"collection":[{"href":"https:\/\/blogdorogeriogomes.com.br\/noticias\/wp-json\/wp\/v2\/posts"}],"about":[{"href":"https:\/\/blogdorogeriogomes.com.br\/noticias\/wp-json\/wp\/v2\/types\/post"}],"author":[{"embeddable":true,"href":"https:\/\/blogdorogeriogomes.com.br\/noticias\/wp-json\/wp\/v2\/users\/1"}],"replies":[{"embeddable":true,"href":"https:\/\/blogdorogeriogomes.com.br\/noticias\/wp-json\/wp\/v2\/comments?post=13724"}],"version-history":[{"count":1,"href":"https:\/\/blogdorogeriogomes.com.br\/noticias\/wp-json\/wp\/v2\/posts\/13724\/revisions"}],"predecessor-version":[{"id":13726,"href":"https:\/\/blogdorogeriogomes.com.br\/noticias\/wp-json\/wp\/v2\/posts\/13724\/revisions\/13726"}],"wp:attachment":[{"href":"https:\/\/blogdorogeriogomes.com.br\/noticias\/wp-json\/wp\/v2\/media?parent=13724"}],"wp:term":[{"taxonomy":"category","embeddable":true,"href":"https:\/\/blogdorogeriogomes.com.br\/noticias\/wp-json\/wp\/v2\/categories?post=13724"},{"taxonomy":"post_tag","embeddable":true,"href":"https:\/\/blogdorogeriogomes.com.br\/noticias\/wp-json\/wp\/v2\/tags?post=13724"}],"curies":[{"name":"wp","href":"https:\/\/api.w.org\/{rel}","templated":true}]}}